{"id":41232,"date":"2022-11-09T00:00:21","date_gmt":"2022-11-09T03:00:21","guid":{"rendered":"https:\/\/vocesdebaires.com.ar\/?p=41232"},"modified":"2022-11-08T23:46:33","modified_gmt":"2022-11-09T02:46:33","slug":"campana-nacional-de-prevencion-de-ceguera-por-diabetes-2022","status":"publish","type":"post","link":"https:\/\/vocesdebaires.com.ar\/index.php\/2022\/11\/09\/campana-nacional-de-prevencion-de-ceguera-por-diabetes-2022\/","title":{"rendered":"Campa\u00f1a Nacional de prevenci\u00f3n de ceguera por diabetes 2022"},"content":{"rendered":"<p>Campa\u00f1a Nacional de prevenci\u00f3n de ceguera por diabetes 2022El viernes 25 de noviembre de 2022, y tras dos a\u00f1os de ausencia por la pandemia, el Consejo Argentino de Oftalmolog\u00eda (CAO) organizar\u00e1 la 22\u00aa edici\u00f3n anual de la Campa\u00f1a Nacional de Prevenci\u00f3n de Ceguera por Diabetes. Durante ese d\u00eda, centenares de m\u00e9dicos oftalm\u00f3logos de todo el pa\u00eds atender\u00e1n a pacientes diab\u00e9ticos de manera gratuita para detectar o descartar la presencia de retinopat\u00eda diab\u00e9tica, una enfermedad nociva para la salud visual que puede llevar a la ceguera.<\/p>\n<p>La acci\u00f3n consistir\u00e1 en la realizaci\u00f3n de fondos de ojo, un examen r\u00e1pido e indoloro que consiste en la aplicaci\u00f3n de gotas oft\u00e1lmicas que dilatan la pupila y permiten que el m\u00e9dico oftalm\u00f3logo analice las estructuras internas m\u00e1s importantes de la parte posterior del globo ocular. La campa\u00f1a se realizar\u00e1 en 142 centros oftalmol\u00f3gicos p\u00fablicos y privados y contar\u00e1 con la coordinaci\u00f3n del Dr. Guillermo Iribarren, jefe del Servicio de Oftalmolog\u00eda del Hospital Alem\u00e1n e integrante de la Comisi\u00f3n de Acci\u00f3n Social y Prevenci\u00f3n de la Ceguera del CAO. Los centros de salud, donde se realizar\u00e1n los chequeos gratuitos, se pueden consultar en: www.oftalmologos.org.ar\/diabetes2022 o al tel\u00e9fono (54-11) 4374-5400 de 9 a 17 horas.<\/p>\n<p><strong>Qu\u00e9 es la retinopat\u00eda diab\u00e9tica<\/strong><br \/>\nEs una complicaci\u00f3n de la diabetes causada por el deterioro de las arterias y venas que irrigan la retina, una capa de nervios que recubre al ojo por dentro y cuya funci\u00f3n es percibir la luz e im\u00e1genes que llegar\u00e1n al cerebro. El da\u00f1o en los vasos sangu\u00edneos puede disminuir la visi\u00f3n o distorsionar las im\u00e1genes. Generalmente, no presenta s\u00edntomas en sus inicios. En paralelo, los riesgos de que los pacientes diab\u00e9ticos desarrollen esta patolog\u00eda aumentan con el avance de la enfermedad y con el mal control de la glucemia.<\/p>\n<p><strong>C\u00f3mo se diagnostica la retinopat\u00eda diab\u00e9tica<\/strong><br \/>\nEl oftalm\u00f3logo examina el fondo de ojo (retina, m\u00e1cula y nervio \u00f3ptico), generalmente recurriendo a la dilataci\u00f3n de las pupilas, lo que se logra mediante la aplicaci\u00f3n de gotas. Es un proceso r\u00e1pido e indoloro. Si se comprueba la presencia de retinopat\u00eda diab\u00e9tica, se pueden efectuar otros estudios para determinar si el caso requiere tratamiento.<\/p>\n<p><strong>Por qu\u00e9 es importante la prevenci\u00f3n<\/strong><br \/>\nPorque la diabetes es la segunda causa de ceguera en los pa\u00edses industrializados y la principal en personas de 25 a 74 a\u00f1os. Seg\u00fan datos de la Sociedad Argentina de Diabetes (SAD), en Argentina existen alrededor de 4.000.000 de personas que padecen esta enfermedad, pero un alto porcentaje de ellas no lo sabe dado que muchas veces es asintom\u00e1tica o su padecer es silencioso. Casi todos los pacientes diab\u00e9ticos desarrollar\u00e1n alg\u00fan grado de retinopat\u00eda a lo largo de su vida. Cabe destacar que desde 1999, se han atendido m\u00e1s de 38.000 pacientes diab\u00e9ticos en forma gratuita.<\/p>\n<p>El 40% de ellos presentaba lesiones compatibles con retinopat\u00eda diab\u00e9tica y el 9% mostraba formas avanzadas de la enfermedad, los cuales fueron derivados para su tratamiento correspondiente. Tambi\u00e9n se comprob\u00f3 que el 1% de los pacientes presentaba ceguera por diabetes. Es necesario informar a la poblaci\u00f3n diab\u00e9tica sobre la necesidad de realizar controles oftalmol\u00f3gicos, con examen del fondo de ojo, al menos 1 vez por a\u00f1o y que el m\u00e9dico oftalm\u00f3logo es el \u00fanico profesional con la capacitaci\u00f3n suficiente para realizar esta tarea dentro de su \u00e1rea de incumbencia.<\/p>\n","protected":false},"excerpt":{"rendered":"<p>Campa\u00f1a Nacional de prevenci\u00f3n de ceguera por diabetes 2022El viernes 25 de noviembre de 2022, y tras dos a\u00f1os de ausencia por la pandemia, el Consejo Argentino de Oftalmolog\u00eda (CAO) organizar\u00e1 la 22\u00aa edici\u00f3n anual de la Campa\u00f1a Nacional de Prevenci\u00f3n de Ceguera por Diabetes. Durante ese d\u00eda, centenares de m\u00e9dicos oftalm\u00f3logos de todo el [&hellip;]<\/p>\n","protected":false},"author":2,"featured_media":41233,"comment_status":"open","ping_status":"open","sticky":false,"template":"","format":"standard","meta":{"_et_pb_use_builder":"","_et_pb_old_content":"","_et_gb_content_width":"","footnotes":""},"categories":[11,33],"tags":[],"class_list":["post-41232","post","type-post","status-publish","format-standard","has-post-thumbnail","hentry","category-ciudad","category-sociedad-y-cultura-2"],"_links":{"self":[{"href":"https:\/\/vocesdebaires.com.ar\/index.php\/wp-json\/wp\/v2\/posts\/41232"}],"collection":[{"href":"https:\/\/vocesdebaires.com.ar\/index.php\/wp-json\/wp\/v2\/posts"}],"about":[{"href":"https:\/\/vocesdebaires.com.ar\/index.php\/wp-json\/wp\/v2\/types\/post"}],"author":[{"embeddable":true,"href":"https:\/\/vocesdebaires.com.ar\/index.php\/wp-json\/wp\/v2\/users\/2"}],"replies":[{"embeddable":true,"href":"https:\/\/vocesdebaires.com.ar\/index.php\/wp-json\/wp\/v2\/comments?post=41232"}],"version-history":[{"count":2,"href":"https:\/\/vocesdebaires.com.ar\/index.php\/wp-json\/wp\/v2\/posts\/41232\/revisions"}],"predecessor-version":[{"id":41235,"href":"https:\/\/vocesdebaires.com.ar\/index.php\/wp-json\/wp\/v2\/posts\/41232\/revisions\/41235"}],"wp:featuredmedia":[{"embeddable":true,"href":"https:\/\/vocesdebaires.com.ar\/index.php\/wp-json\/wp\/v2\/media\/41233"}],"wp:attachment":[{"href":"https:\/\/vocesdebaires.com.ar\/index.php\/wp-json\/wp\/v2\/media?parent=41232"}],"wp:term":[{"taxonomy":"category","embeddable":true,"href":"https:\/\/vocesdebaires.com.ar\/index.php\/wp-json\/wp\/v2\/categories?post=41232"},{"taxonomy":"post_tag","embeddable":true,"href":"https:\/\/vocesdebaires.com.ar\/index.php\/wp-json\/wp\/v2\/tags?post=41232"}],"curies":[{"name":"wp","href":"https:\/\/api.w.org\/{rel}","templated":true}]}}