{"id":41236,"date":"2022-11-09T00:00:17","date_gmt":"2022-11-09T03:00:17","guid":{"rendered":"https:\/\/vocesdebaires.com.ar\/?p=41236"},"modified":"2022-11-08T23:54:36","modified_gmt":"2022-11-09T02:54:36","slug":"v-congreso-mundial-de-dialogo-intercultural-e-interreligioso","status":"publish","type":"post","link":"https:\/\/vocesdebaires.com.ar\/index.php\/2022\/11\/09\/v-congreso-mundial-de-dialogo-intercultural-e-interreligioso\/","title":{"rendered":"V Congreso Mundial de Di\u00e1logo Intercultural e Interreligioso"},"content":{"rendered":"<p>Ayer martes comenz\u00f3 en la Ciudad Aut\u00f3noma de Buenos Aires el V Congreso Mundial de Di\u00e1logo Intercultural e Interreligioso \u00abUna Senda Hacia la Paz\u00bb que este a\u00f1o se desarrolla bajo el lema \u00abPensando la transformaci\u00f3n de Argentina 2023-2053\u00bb y que por dos d\u00edas vuelve a reunir a importantes figuras del mundo de la pol\u00edtica, el sindicalismo, la religi\u00f3n y la cultura de nuestro pa\u00eds. Tras la apertura, comenz\u00f3 la primera mesa tem\u00e1tica titulada \u201cArgentina 2023 &#8211; 2053: Seguir viviendo en el pasado o mejor trabajar por un futuro pr\u00f3spero\u201d de la que participaron los diputados nacionales Waldo Wolff y Marcela Campagnoli; el director ejecutivo del Movimiento Productivo Argentino y director del Banco de Inversi\u00f3n y Comercio Exterior (BICE), Carlos Brown y Eduardo Mondino,<\/p>\n<p>Presidente de la Fundaci\u00f3n Encuentro Federal.En su disertaci\u00f3n, la diputada Campagnoli manifest\u00f3: \u00abEs un momento dif\u00edcil en Argentina, quien no est\u00e1 harto y desesperanzado, pero este pa\u00eds vale la pena. Nadie puede negar la crisis de representaci\u00f3n, pero no es exclusivo de nuestro pa\u00eds. El mundo no est\u00e1 mucho mejor que Argentina\u00bb y pidi\u00f3: \u00abArgentina tiene que combatir la pobreza, no la riqueza. Hay que tener reglas claras, de lo contrario quien va a venir a invertir en nuestro pa\u00eds y para eso necesitamos seguridad jur\u00eddica\u00bb.<\/p>\n<p>A su turno, Carlos Brown expres\u00f3: \u201cEn este momento, que falta un a\u00f1o para las elecciones, nos estamos matando todos por lo que va a pasar el a\u00f1o que viene en lugar de pensar una estrategia para el futuro\u201d y reclam\u00f3: \u00abEs necesario mirar el futuro y ver si alguna vez podemos reeditar algo parecido a lo que fue el Di\u00e1logo Argentino\u00bb. Posteriormente, ex Defensor del Pueblo de la Naci\u00f3n, Eduardo Mondino se\u00f1al\u00f3: \u201cEl desaf\u00edo es construir una base de principios y valores, dentro de un mundo complejo con desaf\u00edos tambi\u00e9n complejos. Necesitamos construir una base moral con valores y principios que tienen que ver con la transparencia. Sin base moral no hay construcci\u00f3n de pa\u00eds\u201d.<\/p>\n<p>El panel de apertura estuvo a cargo del presidente de este Congreso, Gustavo Guillerm\u00e9, que agradeci\u00f3 el acompa\u00f1amiento y resalt\u00f3 \u201cla participaci\u00f3n de las distintas religiones y sectores pol\u00edticos, m\u00e1s all\u00e1 de las diferencias ideol\u00f3gicas, y a quienes invit\u00e9 a sumarse a ser parte y a trabajar en nuestro Pacto de la Moncloa, \u00b4El Pacto de los Pactos\u00b4 y ser parte de una senda hacia la paz y la uni\u00f3n de los argentinos\u201d. En tanto Gustavo Libardi, Presidente de la Iglesia Scientology de Argentina destac\u00f3: \u201cEste congreso contribuye a civilizar a nuestras sociedad y pone un punto de esperanza, que es el futuro. Entendemos que el trabajo intercultural e interreligioso es un aporte importante a la civilizaci\u00f3n\u201d.<\/p>\n<p>Por su parte el Lic. Danny Lew, presidente Keren Kayemet LeIsrael Argentina (KKL) se\u00f1al\u00f3: \u201cTodos los que estamos aqu\u00ed reunidos vinimos a intercambiar ideas sobre los temas que nos preocupan y nos ocupan, con la posibilidad de trabajar en conjunto para transformar y contribuir a la realizaci\u00f3n de un mundo mejor\u201d.A su turno el Rector de la Universidad del CEMA, Edgardo Zablotsky, agradeci\u00f3 dar lugar a la quinta edici\u00f3n de tan importante congreso y destac\u00f3 \u201cla importancia de los paneles y los distintos disertantes que van a trabajar unidos y en di\u00e1logo, que es el mejor aporte que podemos hacer para un mundo hacia la paz\u201d.<\/p>\n<p>El Ing. Sohrab Yazdani, miembro de la Comunidad BAHAI y Oluwo Leonardo Allegue, presidente y L\u00edder Espiritual Religioso de ASRAU, tambi\u00e9n fueron parte de la apertura. El Congreso seguir\u00e1 ma\u00f1ana con la presencia del ex presidente Eduardo Duhalde y Ram\u00f3n Puerta que participar\u00e1n de la mesa regional, junto a los ex mandatarios Luis Lacalle (Uruguay), Federico Franco (Paraguay) y Evo Morales (Bolivia). Tambi\u00e9n estar\u00e1n presentes el Presidente de la Bolsa de Comercio de Buenos Aires, Dr. Adelmo Gabbi; la Ministra de Educaci\u00f3n de la CABA, Soledad Acu\u00f1a, entre otros.<\/p>\n","protected":false},"excerpt":{"rendered":"<p>Ayer martes comenz\u00f3 en la Ciudad Aut\u00f3noma de Buenos Aires el V Congreso Mundial de Di\u00e1logo Intercultural e Interreligioso \u00abUna Senda Hacia la Paz\u00bb que este a\u00f1o se desarrolla bajo el lema \u00abPensando la transformaci\u00f3n de Argentina 2023-2053\u00bb y que por dos d\u00edas vuelve a reunir a importantes figuras del mundo de la pol\u00edtica, el [&hellip;]<\/p>\n","protected":false},"author":2,"featured_media":41237,"comment_status":"open","ping_status":"open","sticky":false,"template":"","format":"standard","meta":{"_et_pb_use_builder":"","_et_pb_old_content":"","_et_gb_content_width":"","footnotes":""},"categories":[11,33],"tags":[],"class_list":["post-41236","post","type-post","status-publish","format-standard","has-post-thumbnail","hentry","category-ciudad","category-sociedad-y-cultura-2"],"_links":{"self":[{"href":"https:\/\/vocesdebaires.com.ar\/index.php\/wp-json\/wp\/v2\/posts\/41236"}],"collection":[{"href":"https:\/\/vocesdebaires.com.ar\/index.php\/wp-json\/wp\/v2\/posts"}],"about":[{"href":"https:\/\/vocesdebaires.com.ar\/index.php\/wp-json\/wp\/v2\/types\/post"}],"author":[{"embeddable":true,"href":"https:\/\/vocesdebaires.com.ar\/index.php\/wp-json\/wp\/v2\/users\/2"}],"replies":[{"embeddable":true,"href":"https:\/\/vocesdebaires.com.ar\/index.php\/wp-json\/wp\/v2\/comments?post=41236"}],"version-history":[{"count":1,"href":"https:\/\/vocesdebaires.com.ar\/index.php\/wp-json\/wp\/v2\/posts\/41236\/revisions"}],"predecessor-version":[{"id":41238,"href":"https:\/\/vocesdebaires.com.ar\/index.php\/wp-json\/wp\/v2\/posts\/41236\/revisions\/41238"}],"wp:featuredmedia":[{"embeddable":true,"href":"https:\/\/vocesdebaires.com.ar\/index.php\/wp-json\/wp\/v2\/media\/41237"}],"wp:attachment":[{"href":"https:\/\/vocesdebaires.com.ar\/index.php\/wp-json\/wp\/v2\/media?parent=41236"}],"wp:term":[{"taxonomy":"category","embeddable":true,"href":"https:\/\/vocesdebaires.com.ar\/index.php\/wp-json\/wp\/v2\/categories?post=41236"},{"taxonomy":"post_tag","embeddable":true,"href":"https:\/\/vocesdebaires.com.ar\/index.php\/wp-json\/wp\/v2\/tags?post=41236"}],"curies":[{"name":"wp","href":"https:\/\/api.w.org\/{rel}","templated":true}]}}