{"id":41239,"date":"2022-11-09T00:00:20","date_gmt":"2022-11-09T03:00:20","guid":{"rendered":"https:\/\/vocesdebaires.com.ar\/?p=41239"},"modified":"2022-11-09T00:00:32","modified_gmt":"2022-11-09T03:00:32","slug":"espacio-de-arte-amia-inaugura-la-muestra-de-cynthia-cohen","status":"publish","type":"post","link":"https:\/\/vocesdebaires.com.ar\/index.php\/2022\/11\/09\/espacio-de-arte-amia-inaugura-la-muestra-de-cynthia-cohen\/","title":{"rendered":"Espacio de Arte AMIA inaugura la muestra de Cynthia Cohen"},"content":{"rendered":"<p>El Espacio de Arte AMIA inaugura, este jueves a las 18, en Pasteur 633, la muestra \u201cPop diverso\u201d, de la reconocida artista pl\u00e1stica Cynthia Cohen. La exhibici\u00f3n, que podr\u00e1 visitarse de manera gratuita, re\u00fane pinturas de \u201cPan dulce\u201d, \u201cEspectacular\/ Bomba de brillo\u201d y \u201cCosmos\u201d, tres series de la artista pop argentina que alcanzaron gran repercusi\u00f3n y ser\u00e1n puestas en di\u00e1logo por primera vez. \u201cEn \u00b4Pan Dulce\u00b4 Cynthia Cohen recrea una serie de obras de su abuelo, Juan Carlos Faggioli, pinturas de peque\u00f1o formato dedicadas a retratar orquestas, interiores y naturalezas muertas realizadas sobre finales de los a\u00f1os 60&#8242; y mediados de los 70&#8242;; cuando desde hac\u00eda mucho tiempo gozaba fama de maestro de la pintura de caballete y se trenzaba en pol\u00e9micas con los agentes de las vanguardias internacionalistas\u201d, explica Florencia Qualina, curadora de esa producci\u00f3n art\u00edstica.<\/p>\n<p>Por su parte, en las obras pertenecientes a \u201cEspectacular\/ Bomba de brillo\u201d, \u201ccada imagen es un prisma de lenguajes: Hiperrealismo, pop, impresionismo, fotograf\u00eda publicitaria&#8230; Cynthia hace confluir, con notable ductilidad, un abordaje culto y anal\u00edtico acerca de la pintura; al mismo tiempo, lo hace de una manera accesible, familiar al emplear una serie de c\u00f3digos visuales que forman parte de nuestra vida cotidiana\u201d, resalta Qualina. De la tercera serie hay una sola obra que acompa\u00f1a el t\u00edtulo de la exposici\u00f3n. Representa de manera sint\u00e9tica el gran ancho de banda de una artista multifac\u00e9tica. En palabras de Elio Kapszuk, director del departamento de Arte y Producci\u00f3n de AMIA y curador de la muestra, Cynthia Cohen \u00abes una artista indispensable que no para de sorprendernos.<\/p>\n<p>Produce de la diversidad generando una identidad \u00fanica, reconocible y multiplicadora de sentido. No reitera recursos sino que los amplifica\u00bb. La muestra \u201cPop diverso\u201d, tambi\u00e9n presenta la obra \u201cAsunto pendiente\u201d, mediante la cual Cohen concret\u00f3 la deuda pendiente del artista Federico Klemm, quien siempre hab\u00eda querido que Andy Warhol creara su retrato y dejara para la posteridad una imagen que encapsulara tanto su individualidad como su excentricidad, arte y fama. Cohen logr\u00f3 cumplir su deseo, con talento y su propio sello pop. Hasta el viernes 2 de diciembre, la muestra Pop Diverso puede visitarse en el Espacio de Arte AMIA, con entrada gratuita, en el entrepiso de Pasteur 633, de lunes a jueves de 10 a 19, y los viernes de 10 a 16. Para ingresar, solo es necesario concurrir con DNI.<\/p>\n<p><strong>Sobre Cynthia Cohen<\/strong><br \/>\nNaci\u00f3 el 6 de febrero de 1969, en Buenos Aires. Es egresada de la Escuela Nacional Prilidiano Pueyrred\u00f3n. Curs\u00f3 estudios con Laura Batkis y realiz\u00f3 talleres con Pablo Su\u00e1rez y Marcia Schwartz.<\/p>\n<p><strong>Entre numerosas exposiciones individuales y colectivas tanto en el pa\u00eds como en el exterior, se destacan<\/strong> \u201cPan Dulce\u201d(2019) Galer\u00eda Pasto Brasil, Buenos Aires; \u201cNaturaleza, refugio y recurso del hombre\u201d en CCK (2017); \u201cFuturo brillante\u201d en Galer\u00eda Van Riel (2016); \u201cEl resplandor\u201d en Prisma Kh, (2015); \u201cObra reciente\u201d en Galer\u00eda del Paseo, Lima (2014); \u201cMonumentos ingr\u00e1vidos\u201d en Galer\u00eda del Paseo, Punta del Este (2014); \u201cUna acci\u00f3n para la amistad\u201d en Centro Cultural Recoleta (2014); \u201cPenetraci\u00f3n en el medio\u201c en Museo Macro, Rosario (2013), \u201cCandy Crush\u201d en Fundaci\u00f3n Esteban Lisa (2013); \u201cDeforme\u201d en CC Ricardo Rojas (2012); \u201cPoderosa Afrodita\u201d en Museo de la Mujer, C\u00f3rdoba (2011); \u201cSynchro NY city\u201d en Consulado Argentino en Nueva York (2011) y \u201cSin palabras\u201d en CC Recoleta (2008). Algunos de los premios obtenidos incluyen la selecci\u00f3n de su obra en el Premio Banco Central (2015), Premio Primera Selecci\u00f3n Fundaci\u00f3n Banco Ciudad (2000), Primer Premio Distinci\u00f3n Alianza Francesa (2000) y Primera Selecci\u00f3n Premio Universidad de Palermo (1999).<\/p>\n","protected":false},"excerpt":{"rendered":"<p>El Espacio de Arte AMIA inaugura, este jueves a las 18, en Pasteur 633, la muestra \u201cPop diverso\u201d, de la reconocida artista pl\u00e1stica Cynthia Cohen. La exhibici\u00f3n, que podr\u00e1 visitarse de manera gratuita, re\u00fane pinturas de \u201cPan dulce\u201d, \u201cEspectacular\/ Bomba de brillo\u201d y \u201cCosmos\u201d, tres series de la artista pop argentina que alcanzaron gran repercusi\u00f3n [&hellip;]<\/p>\n","protected":false},"author":2,"featured_media":41240,"comment_status":"open","ping_status":"open","sticky":false,"template":"","format":"standard","meta":{"_et_pb_use_builder":"","_et_pb_old_content":"","_et_gb_content_width":"","footnotes":""},"categories":[11,33],"tags":[],"class_list":["post-41239","post","type-post","status-publish","format-standard","has-post-thumbnail","hentry","category-ciudad","category-sociedad-y-cultura-2"],"_links":{"self":[{"href":"https:\/\/vocesdebaires.com.ar\/index.php\/wp-json\/wp\/v2\/posts\/41239"}],"collection":[{"href":"https:\/\/vocesdebaires.com.ar\/index.php\/wp-json\/wp\/v2\/posts"}],"about":[{"href":"https:\/\/vocesdebaires.com.ar\/index.php\/wp-json\/wp\/v2\/types\/post"}],"author":[{"embeddable":true,"href":"https:\/\/vocesdebaires.com.ar\/index.php\/wp-json\/wp\/v2\/users\/2"}],"replies":[{"embeddable":true,"href":"https:\/\/vocesdebaires.com.ar\/index.php\/wp-json\/wp\/v2\/comments?post=41239"}],"version-history":[{"count":1,"href":"https:\/\/vocesdebaires.com.ar\/index.php\/wp-json\/wp\/v2\/posts\/41239\/revisions"}],"predecessor-version":[{"id":41241,"href":"https:\/\/vocesdebaires.com.ar\/index.php\/wp-json\/wp\/v2\/posts\/41239\/revisions\/41241"}],"wp:featuredmedia":[{"embeddable":true,"href":"https:\/\/vocesdebaires.com.ar\/index.php\/wp-json\/wp\/v2\/media\/41240"}],"wp:attachment":[{"href":"https:\/\/vocesdebaires.com.ar\/index.php\/wp-json\/wp\/v2\/media?parent=41239"}],"wp:term":[{"taxonomy":"category","embeddable":true,"href":"https:\/\/vocesdebaires.com.ar\/index.php\/wp-json\/wp\/v2\/categories?post=41239"},{"taxonomy":"post_tag","embeddable":true,"href":"https:\/\/vocesdebaires.com.ar\/index.php\/wp-json\/wp\/v2\/tags?post=41239"}],"curies":[{"name":"wp","href":"https:\/\/api.w.org\/{rel}","templated":true}]}}