{"id":41242,"date":"2022-11-09T00:06:42","date_gmt":"2022-11-09T03:06:42","guid":{"rendered":"https:\/\/vocesdebaires.com.ar\/?p=41242"},"modified":"2022-11-09T00:13:41","modified_gmt":"2022-11-09T03:13:41","slug":"legislaturafue-declarada-personalidad-destacada-de-la-ciudad-monica-ottino","status":"publish","type":"post","link":"https:\/\/vocesdebaires.com.ar\/index.php\/2022\/11\/09\/legislaturafue-declarada-personalidad-destacada-de-la-ciudad-monica-ottino\/","title":{"rendered":"Legislatura:Fue declarada personalidad destacada M\u00f2nica Ottino"},"content":{"rendered":"<p>Este martes por la tarde y en el sal\u00f3n San Mart\u00edn, la Legislatura declar\u00f3 como Personalidad Destacada en el \u00e1mbito de la Cultura de la Ciudad a la guionista, narradora, autora y traductora teatral M\u00f3nica Ottino. Participaron del acto la coautora de la iniciativa y legisladora Jessica Barreto (PS) \u2013en reemplazo del impulsor, Roy Cortina-, el director de cine y Personalidad Destacada de la Cultura en 2017 Oscar Barney Finn, el periodista y escritor Hugo Beccacece, la doctora en Lenguas Modernas Ofelia Veltri y la homenajeada. \u201cEs una mujer que ha trabajado incansablemente por el teatro y la inserci\u00f3n de las mujeres en el \u00e1mbito teatral.<\/p>\n<p>Tanto en su vida como en su obra, las mujeres han ocupado un rol fundamental\u201c, declar\u00f3 Barreto en el comienzo de las alocuciones. Y calific\u00f3 de \u201carte \u00fanico\u201d a la escritura de la guionista.Por su parte, Ottino agradeci\u00f3 a la Legislatura por la declaraci\u00f3n y a todos los presentes en el sal\u00f3n San Mart\u00edn. \u201cMe siento abrumada, feliz y agradecida a la Legislatura, en especial al presidente de la Comisi\u00f3n de Cultura, Roy Cortina\u201d, confes\u00f3 la autora. Luego repas\u00f3 gran parte de su carrera y se refiri\u00f3 a su reconocida obra: \u201ctener \u00e9xito en una primera obra es desconcertante\u201d, sentenci\u00f3 la homenajeada.<\/p>\n<p>A su turno Beccacece habl\u00f3 de su relaci\u00f3n amistosa con Ottino y recorri\u00f3 su carrera literaria. En tanto que Barney Finn la calific\u00f3 como \u201cuna talentosa mujer con la cual hemos compartido muchas batallas culturales\u201d. Y Veltri reconoci\u00f3 su larga trayectoria, en donde luch\u00f3 \u201cpor llevar la cultura a la comunidad\u201d. M\u00f3nica Ottino naci\u00f3 en la Ciudad Aut\u00f3noma de Buenos Aires en 1943. Su pasi\u00f3n por la lectura y la escritura la llev\u00f3 a estudiar Letras en la Universidad Cat\u00f3lica Argentina y a escribir \u201cEva y Victoria\u201d (1986), obra que constituy\u00f3 un hito para el teatro argentino. La historia hace veros\u00edmil una serie de encuentros entre Eva Duarte y Victoria Ocampo,<\/p>\n<p>M\u00f3nica hace veros\u00edmil una serie de encuentros entre Eva Duarte y Victoria Ocampo que surgen cuando la por entonces primera dama se comunica con la escritora, para proponerle una alianza en miras de avanzar con la sanci\u00f3n de la ley de voto femenino. Desde ese momento, se evidencian los conflictos ideol\u00f3gicos, pol\u00edticos y sociales que distanciaron a estas dos prominentes mujeres del siglo XX y que la historia defini\u00f3 como representantes irreconciliables de dos sectores de la sociedad argentina. Por otro lado, Ottino tambi\u00e9n es colaboradora del diario La Naci\u00f3n en su suplemento literario y en ADN, la revista semanal de la Gaceta de Tucum\u00e1n. Y fue parte fundamental de Letras de Buenos Aires, la revista mensual ya desaparecida, creada y dirigida por Victoria Pueyrred\u00f3n, entre otros laureles.<\/p>\n","protected":false},"excerpt":{"rendered":"<p>Este martes por la tarde y en el sal\u00f3n San Mart\u00edn, la Legislatura declar\u00f3 como Personalidad Destacada en el \u00e1mbito de la Cultura de la Ciudad a la guionista, narradora, autora y traductora teatral M\u00f3nica Ottino. Participaron del acto la coautora de la iniciativa y legisladora Jessica Barreto (PS) \u2013en reemplazo del impulsor, Roy Cortina-, [&hellip;]<\/p>\n","protected":false},"author":2,"featured_media":41243,"comment_status":"open","ping_status":"open","sticky":false,"template":"","format":"standard","meta":{"_et_pb_use_builder":"","_et_pb_old_content":"","_et_gb_content_width":"","footnotes":""},"categories":[11,33],"tags":[],"class_list":["post-41242","post","type-post","status-publish","format-standard","has-post-thumbnail","hentry","category-ciudad","category-sociedad-y-cultura-2"],"_links":{"self":[{"href":"https:\/\/vocesdebaires.com.ar\/index.php\/wp-json\/wp\/v2\/posts\/41242"}],"collection":[{"href":"https:\/\/vocesdebaires.com.ar\/index.php\/wp-json\/wp\/v2\/posts"}],"about":[{"href":"https:\/\/vocesdebaires.com.ar\/index.php\/wp-json\/wp\/v2\/types\/post"}],"author":[{"embeddable":true,"href":"https:\/\/vocesdebaires.com.ar\/index.php\/wp-json\/wp\/v2\/users\/2"}],"replies":[{"embeddable":true,"href":"https:\/\/vocesdebaires.com.ar\/index.php\/wp-json\/wp\/v2\/comments?post=41242"}],"version-history":[{"count":2,"href":"https:\/\/vocesdebaires.com.ar\/index.php\/wp-json\/wp\/v2\/posts\/41242\/revisions"}],"predecessor-version":[{"id":41246,"href":"https:\/\/vocesdebaires.com.ar\/index.php\/wp-json\/wp\/v2\/posts\/41242\/revisions\/41246"}],"wp:featuredmedia":[{"embeddable":true,"href":"https:\/\/vocesdebaires.com.ar\/index.php\/wp-json\/wp\/v2\/media\/41243"}],"wp:attachment":[{"href":"https:\/\/vocesdebaires.com.ar\/index.php\/wp-json\/wp\/v2\/media?parent=41242"}],"wp:term":[{"taxonomy":"category","embeddable":true,"href":"https:\/\/vocesdebaires.com.ar\/index.php\/wp-json\/wp\/v2\/categories?post=41242"},{"taxonomy":"post_tag","embeddable":true,"href":"https:\/\/vocesdebaires.com.ar\/index.php\/wp-json\/wp\/v2\/tags?post=41242"}],"curies":[{"name":"wp","href":"https:\/\/api.w.org\/{rel}","templated":true}]}}