{"id":41270,"date":"2022-11-11T00:00:56","date_gmt":"2022-11-11T03:00:56","guid":{"rendered":"https:\/\/vocesdebaires.com.ar\/?p=41270"},"modified":"2022-11-10T23:25:51","modified_gmt":"2022-11-11T02:25:51","slug":"dia-mundial-de-la-neumonia-y-cinco-respuestas-sobre-neumo","status":"publish","type":"post","link":"https:\/\/vocesdebaires.com.ar\/index.php\/2022\/11\/11\/dia-mundial-de-la-neumonia-y-cinco-respuestas-sobre-neumo\/","title":{"rendered":"D\u00eda Mundial de la Neumon\u00eda y Cinco respuestas sobre Neumo"},"content":{"rendered":"<p>Ma\u00f1ana s\u00e0bado 12 de noviembre es el D\u00eda Mundial de la Neumon\u00eda. La neumon\u00eda es la infecci\u00f3n m\u00e1s mortal a nivel mundial y se ubica entre las ocho causas de muerte m\u00e1s comunes en adultos (2019), junto a la enfermedad pulmonar obstructiva cr\u00f3nica (EPOC) y el c\u00e1ncer de pulm\u00f3n. Adem\u00e1s, seg\u00fan datos del estudio Global Burden of Disease, solo en 2019 fallecieron por neumon\u00eda m\u00e1s de 700 mil ni\u00f1os y un mill\u00f3n de personas mayores. En la Argentina, la neumon\u00eda es la sexta causa de muerte en general y la quinta en mayores de 60 a\u00f1os. Adem\u00e1s, la presencia de enfermedades cardiovasculares y de otras enfermedades, aumenta el riesgo de sufrir formas graves. La vacunaci\u00f3n, el diagn\u00f3stico y tratamiento precoz con los antibi\u00f3ticos adecuados disminuyen el riesgo de morir por esta infecci\u00f3n.<\/p>\n<p><strong>C\u00f3mo se produce la infecci\u00f3n y cu\u00e1les son los s\u00edntomas<\/strong><br \/>\nLa neumon\u00eda puede originarse cuando una persona aspira, desde la boca o nariz, mientras duerme, g\u00e9rmenes que llegan hasta el pulm\u00f3n, o bien cuando inhala las part\u00edculas microsc\u00f3picas de saliva que todos eliminamos al estornudar, toser o incluso al hablar. Los s\u00edntomas incluyen el aumento de producci\u00f3n de moco, fiebre, dolor tor\u00e1cico, dificultad respiratoria o falta de aire y puntadas de costado. Si la persona presenta estos s\u00edntomas, debe acudir a su m\u00e9dico para un diagn\u00f3stico certero y, as\u00ed, poder acceder precozmente a un tratamiento adecuado.<\/p>\n<p><strong>C\u00f3mo es el tratamiento<\/strong><br \/>\nImplica la cura de la infecci\u00f3n y la prevenci\u00f3n de sus complicaciones. La mayor\u00eda de las personas que presentan neumon\u00eda adquirida en la comunidad (NAC) pueden recibir tratamiento en sus hogares; el m\u00e9dico decidir\u00e1 el tratamiento espec\u00edfico, que depender\u00e1 del paciente (edad, antecedentes, etc.) y de la gravedad del cuadro cl\u00ednico.<\/p>\n<p><strong>C\u00f3mo afecta la neumon\u00eda a los ni\u00f1os? \u00bfProduce da\u00f1os irreversibles<\/strong><br \/>\nLa neumon\u00eda es una causa importante de mortalidad infantil, sobre todo, en pa\u00edses en v\u00edas de desarrollo. Las infecciones respiratorias en la infancia se asocian a mayor riesgo de asma y enfermedad pulmonar obstructiva cr\u00f3nica en la adultez.<\/p>\n<p><strong>C\u00f3mo prevenir esta infecci\u00f3n<\/strong><br \/>\nEl Calendario Nacional de Vacunaci\u00f3n de la Argentina recomienda la vacunaci\u00f3n contra el neumococo y la gripe a lo largo de la vida, para proveer inmunidad. Un estudio de las causas de la neumon\u00eda adquirida en la comunidad (NAC), realizado en Estados Unidos por el New England Journal of Medicine en 2015, revel\u00f3 que 7 de los principales 13 pat\u00f3genos causantes de la NAC son virus. Esto implica que, la posibilidad de vacunarnos, permite prevenir muchas de las neumon\u00edas virales. En la actualidad, existen vacunas comercialmente disponibles para la Influenza y el Coronavirus, adem\u00e1s del Streptococcus pneumoniae (o neumococo), y est\u00e1 en investigaci\u00f3n la vacuna para el Virus Sincicial Respiratorio.<\/p>\n<p>A pesar de la amplia difusi\u00f3n sobre su utilidad, las tasas de vacunaci\u00f3n en adultos son deficientes. La situaci\u00f3n de pandemia ha creado un acceso insuficiente a los circuitos de vacunaci\u00f3n, combinado con falta de disponibilidad de vacunas y la dedicaci\u00f3n casi exclusiva de los sistemas de vacunaci\u00f3n a combatir el COVID-19. En ocasi\u00f3n del D\u00eda Mundial de la Neumon\u00eda, varios monumentos de Buenos Aires ser\u00e1n iluminados de color azul, colaborando con la iniciativa Pneumolight que busca informar a la poblaci\u00f3n sobre la existencia de la neumon\u00eda adquirida en la comunidad y, a\u00fan cuando la pandemia en nuestro pa\u00eds parece limitarse, recordar la necesidad del diagn\u00f3stico precoz, el tratamiento adecuado y la necesidad de la prevenci\u00f3n mediante vacunas.<\/p>\n<p><strong>Escrito:Por el Esp. Alejandro Videla<\/strong><br \/>\nProfesor de la Facultad de Ciencias Biom\u00e9dicas de la Universidad Austral, jefe del Servicio de Neumonolog\u00eda del Hospital Universitario Austral y presidente de la Asociaci\u00f3n Argentina de Medicina Respiratoria<\/p>\n","protected":false},"excerpt":{"rendered":"<p>Ma\u00f1ana s\u00e0bado 12 de noviembre es el D\u00eda Mundial de la Neumon\u00eda. La neumon\u00eda es la infecci\u00f3n m\u00e1s mortal a nivel mundial y se ubica entre las ocho causas de muerte m\u00e1s comunes en adultos (2019), junto a la enfermedad pulmonar obstructiva cr\u00f3nica (EPOC) y el c\u00e1ncer de pulm\u00f3n. Adem\u00e1s, seg\u00fan datos del estudio Global [&hellip;]<\/p>\n","protected":false},"author":2,"featured_media":41271,"comment_status":"open","ping_status":"open","sticky":false,"template":"","format":"standard","meta":{"_et_pb_use_builder":"","_et_pb_old_content":"","_et_gb_content_width":"","footnotes":""},"categories":[11,33],"tags":[],"class_list":["post-41270","post","type-post","status-publish","format-standard","has-post-thumbnail","hentry","category-ciudad","category-sociedad-y-cultura-2"],"_links":{"self":[{"href":"https:\/\/vocesdebaires.com.ar\/index.php\/wp-json\/wp\/v2\/posts\/41270"}],"collection":[{"href":"https:\/\/vocesdebaires.com.ar\/index.php\/wp-json\/wp\/v2\/posts"}],"about":[{"href":"https:\/\/vocesdebaires.com.ar\/index.php\/wp-json\/wp\/v2\/types\/post"}],"author":[{"embeddable":true,"href":"https:\/\/vocesdebaires.com.ar\/index.php\/wp-json\/wp\/v2\/users\/2"}],"replies":[{"embeddable":true,"href":"https:\/\/vocesdebaires.com.ar\/index.php\/wp-json\/wp\/v2\/comments?post=41270"}],"version-history":[{"count":1,"href":"https:\/\/vocesdebaires.com.ar\/index.php\/wp-json\/wp\/v2\/posts\/41270\/revisions"}],"predecessor-version":[{"id":41272,"href":"https:\/\/vocesdebaires.com.ar\/index.php\/wp-json\/wp\/v2\/posts\/41270\/revisions\/41272"}],"wp:featuredmedia":[{"embeddable":true,"href":"https:\/\/vocesdebaires.com.ar\/index.php\/wp-json\/wp\/v2\/media\/41271"}],"wp:attachment":[{"href":"https:\/\/vocesdebaires.com.ar\/index.php\/wp-json\/wp\/v2\/media?parent=41270"}],"wp:term":[{"taxonomy":"category","embeddable":true,"href":"https:\/\/vocesdebaires.com.ar\/index.php\/wp-json\/wp\/v2\/categories?post=41270"},{"taxonomy":"post_tag","embeddable":true,"href":"https:\/\/vocesdebaires.com.ar\/index.php\/wp-json\/wp\/v2\/tags?post=41270"}],"curies":[{"name":"wp","href":"https:\/\/api.w.org\/{rel}","templated":true}]}}