{"id":41301,"date":"2022-11-14T00:00:54","date_gmt":"2022-11-14T03:00:54","guid":{"rendered":"https:\/\/vocesdebaires.com.ar\/?p=41301"},"modified":"2022-11-13T23:23:44","modified_gmt":"2022-11-14T02:23:44","slug":"ciudadel-80-de-los-crimenes-se-resuelven-gracias-al-area-cientifica","status":"publish","type":"post","link":"https:\/\/vocesdebaires.com.ar\/index.php\/2022\/11\/14\/ciudadel-80-de-los-crimenes-se-resuelven-gracias-al-area-cientifica\/","title":{"rendered":"Ciudad:\u201cEl 80% de los cr\u00edmenes se resuelven gracias al \u00e1rea cient\u00edfica\u00bb"},"content":{"rendered":"<p>\u201cEl objetivo era mostrar el detr\u00e1s de escena de la Polic\u00eda de la Ciudad para que la gente sepa c\u00f3mo los cuidamos y de qu\u00e9 manera se integra todo el sistema. Uno de los principales atractivos fue el \u00e1rea de Cient\u00edfica que tal vez la gente no conoc\u00eda tanto y que hoy nos permite resolver el 80 por ciento de los hechos en la Ciudad\u201d, sostuvo en declaraciones a Radio Rivadavia. En dicho espacio, durante la Expo Seguridad BA las personas se transformaron por minutos en t\u00e9cnicos en laboratorio e inspeccionaron rastros y huellas en distintas escenas que fueron recreadas, en el marco de un \u00e1rea que permite facilitar el esclarecimiento de casos judiciales.<\/p>\n<p>En este sentido, subray\u00f3 que la muestra realizada el 9, 10 y 11 de noviembre \u201cnos llena de orgullo porque permite mostrar c\u00f3mo todos los d\u00edas trabajamos para construir una ciudad m\u00e1s segura, a partir de la decisi\u00f3n pol\u00edtica de Horacio Rodr\u00edguez Larreta de crear la Polic\u00eda de la Ciudad\u201d. \u201cHay much\u00edsimo trabajo e inversi\u00f3n en el sistema integral de seguridad que se refleja en cuatro ejes fundamentales como la capacitaci\u00f3n constante, la cercan\u00eda, la transparencia y el uso de la tecnolog\u00eda\u201d, remarc\u00f3 D\u2019Alessandro.<\/p>\n<p>La Expo Seguridad BA exhibi\u00f3 en diferentes stands todas las \u00e1reas que componen el Sistema Integral y durante los tres d\u00edas miles de visitantes entre los que hubo colegios, grupos de vecinos y p\u00fablico en general pudieron conocerlas e interactuar con polic\u00edas, bomberos, agentes de prevenci\u00f3n, agentes de tr\u00e1nsito y m\u00e9dicos del SAME. La muestra cont\u00f3 tres Nodos principales en los que se abordaba la Prevenci\u00f3n, las Emergencias y la Polic\u00eda, contando principalmente con espacios en el que se mostr\u00f3 el trabajo del Centro de Monitoreo Urbano, los simuladores de realidad virtual, la central del 911 y la Polic\u00eda de la Ciudad, entre muchos otros.<\/p>\n<p>\u201cEsta expo la vamos a hacer una vez al a\u00f1o\u201d, anticip\u00f3 D\u2019Alessandro, al tiempo que explic\u00f3 que \u201cde todas maneras todos los meses convocamos a los vecinos para que vayan a visitar los cuarteles de bomberos, las superintendencias de cient\u00edfica o al Instituto Superior de Seguridad P\u00fablica donde est\u00e1n los simuladores de tiro, de moto y patrulleros para que tengan un acercamiento directo con nuestro trabajo\u201d. Otro de los principales atractivos de la muestra fue el funcionamiento del Centro de Monitoreo Urbano con las 15.000 c\u00e1maras de seguridad que est\u00e1n distribuidas en la Ciudad, alcanzando una cobertura del 75 por ciento.<\/p>\n<p>\u201cAhora estamos incorporando c\u00e1maras de los privados como bancos, shoppings o comercios para seguir ampliando la red a trav\u00e9s de un sistema coordinado\u201d, cont\u00f3 el funcionario en declaraciones radiales. Finalmente, el ministro se refiri\u00f3 a la importancia de realizar la denuncia ante cualquier il\u00edcito para seguir potenciando y fortaleciendo este sistema de seguridad en la Ciudad. \u201cHoy las denuncias se pueden hacer en cualquier comisar\u00eda de la Polic\u00eda de la Ciudad, a trav\u00e9s de cabinas de telepresencia en estaciones de subte, mediante QR\u2019s en el transporte p\u00fablico para alertar sobre situaciones de acoso y tambi\u00e9n el 911. Con las denuncias podemos optimizar los recursos y abordar el delito de forma m\u00e1s precisa\u201d, concluy\u00f3.<\/p>\n","protected":false},"excerpt":{"rendered":"<p>\u201cEl objetivo era mostrar el detr\u00e1s de escena de la Polic\u00eda de la Ciudad para que la gente sepa c\u00f3mo los cuidamos y de qu\u00e9 manera se integra todo el sistema. Uno de los principales atractivos fue el \u00e1rea de Cient\u00edfica que tal vez la gente no conoc\u00eda tanto y que hoy nos permite resolver [&hellip;]<\/p>\n","protected":false},"author":2,"featured_media":41302,"comment_status":"open","ping_status":"open","sticky":false,"template":"","format":"standard","meta":{"_et_pb_use_builder":"","_et_pb_old_content":"","_et_gb_content_width":"","footnotes":""},"categories":[11,33],"tags":[],"class_list":["post-41301","post","type-post","status-publish","format-standard","has-post-thumbnail","hentry","category-ciudad","category-sociedad-y-cultura-2"],"_links":{"self":[{"href":"https:\/\/vocesdebaires.com.ar\/index.php\/wp-json\/wp\/v2\/posts\/41301"}],"collection":[{"href":"https:\/\/vocesdebaires.com.ar\/index.php\/wp-json\/wp\/v2\/posts"}],"about":[{"href":"https:\/\/vocesdebaires.com.ar\/index.php\/wp-json\/wp\/v2\/types\/post"}],"author":[{"embeddable":true,"href":"https:\/\/vocesdebaires.com.ar\/index.php\/wp-json\/wp\/v2\/users\/2"}],"replies":[{"embeddable":true,"href":"https:\/\/vocesdebaires.com.ar\/index.php\/wp-json\/wp\/v2\/comments?post=41301"}],"version-history":[{"count":2,"href":"https:\/\/vocesdebaires.com.ar\/index.php\/wp-json\/wp\/v2\/posts\/41301\/revisions"}],"predecessor-version":[{"id":41304,"href":"https:\/\/vocesdebaires.com.ar\/index.php\/wp-json\/wp\/v2\/posts\/41301\/revisions\/41304"}],"wp:featuredmedia":[{"embeddable":true,"href":"https:\/\/vocesdebaires.com.ar\/index.php\/wp-json\/wp\/v2\/media\/41302"}],"wp:attachment":[{"href":"https:\/\/vocesdebaires.com.ar\/index.php\/wp-json\/wp\/v2\/media?parent=41301"}],"wp:term":[{"taxonomy":"category","embeddable":true,"href":"https:\/\/vocesdebaires.com.ar\/index.php\/wp-json\/wp\/v2\/categories?post=41301"},{"taxonomy":"post_tag","embeddable":true,"href":"https:\/\/vocesdebaires.com.ar\/index.php\/wp-json\/wp\/v2\/tags?post=41301"}],"curies":[{"name":"wp","href":"https:\/\/api.w.org\/{rel}","templated":true}]}}