{"id":41308,"date":"2022-11-14T00:00:33","date_gmt":"2022-11-14T03:00:33","guid":{"rendered":"https:\/\/vocesdebaires.com.ar\/?p=41308"},"modified":"2022-11-13T23:33:30","modified_gmt":"2022-11-14T02:33:30","slug":"amiahomenaje-a-los-desaparecidos-judios-de-la-ultima-dictadura-militar","status":"publish","type":"post","link":"https:\/\/vocesdebaires.com.ar\/index.php\/2022\/11\/14\/amiahomenaje-a-los-desaparecidos-judios-de-la-ultima-dictadura-militar\/","title":{"rendered":"AMIA:Homenaje a los desaparecidos jud\u00edos de la \u00faltima dictadura militar"},"content":{"rendered":"<p>AMIA y la Asociaci\u00f3n de Familiares de Desaparecidos Jud\u00edos convocan a toda la sociedad a participar del acto de homenaje a las v\u00edctimas jud\u00edas de la \u00faltima dictadura que sufri\u00f3 la Argentina. El encuentro se realizar\u00e1 el mi\u00e9rcoles 23 de noviembre, a las 18, en el auditorio de la calle Pasteur 633. Con la actuaci\u00f3n especial del artista V\u00edctor Heredia, el encuentro tendr\u00e1 como oradores al sobreviviente Pablo Bohoslavsky, quien fue secuestrado en 1976 y detenido luego en el penal de Rawson, y a Claudia Feld, coautora del libro \u201cESMA: Represi\u00f3n y poder en el centro clandestino de detenci\u00f3n m\u00e1s emblem\u00e1tico de la \u00faltima dictadura argentina\u201d.<\/p>\n<p>El presidente de AMIA, Amos Linetzky, tambi\u00e9n compartir\u00e1 un mensaje ante los presentes en el homenaje que se realizar\u00e1, por decimonoveno a\u00f1o consecutivo, para honrar la memoria de las 1.900 personas de origen jud\u00edo que desaparecieron en nuestro pa\u00eds entre 1976 y 1983. En una nueva acci\u00f3n para renovar el compromiso con el ejercicio de la memoria y el reclamo de justicia, AMIA y la Asociaci\u00f3n de Familiares de Desaparecidos Jud\u00edos volver\u00e1n a realizar el homenaje de manera presencial luego de dos a\u00f1os de actos virtuales a causa de la pandemia.<\/p>\n<p>\u201cInvitamos a toda la sociedad a que nos acompa\u00f1en para expresar, entre todos, el firme rechazo a los cr\u00edmenes de lesa humanidad; rendir homenaje a quienes fueron asesinados, torturados y desaparecidos; defender el valor de la vida y la vigencia de los derechos humanos\u201d, manifestaron los organizadores. En el entendimiento de que preservar la memoria es un imperativo esencial, AMIA y la Asociaci\u00f3n de Familiares de Desaparecidos Jud\u00edos llevan adelante conjuntamente diferentes acciones, adem\u00e1s de este acto, para lograr, entre otros objetivos, reflexionar sobre nuestro pasado reciente y fomentar en las nuevas generaciones el valor supremo de la verdad y la justicia.<\/p>\n","protected":false},"excerpt":{"rendered":"<p>AMIA y la Asociaci\u00f3n de Familiares de Desaparecidos Jud\u00edos convocan a toda la sociedad a participar del acto de homenaje a las v\u00edctimas jud\u00edas de la \u00faltima dictadura que sufri\u00f3 la Argentina. El encuentro se realizar\u00e1 el mi\u00e9rcoles 23 de noviembre, a las 18, en el auditorio de la calle Pasteur 633. Con la actuaci\u00f3n [&hellip;]<\/p>\n","protected":false},"author":2,"featured_media":41309,"comment_status":"open","ping_status":"open","sticky":false,"template":"","format":"standard","meta":{"_et_pb_use_builder":"","_et_pb_old_content":"","_et_gb_content_width":"","footnotes":""},"categories":[11,33],"tags":[],"class_list":["post-41308","post","type-post","status-publish","format-standard","has-post-thumbnail","hentry","category-ciudad","category-sociedad-y-cultura-2"],"_links":{"self":[{"href":"https:\/\/vocesdebaires.com.ar\/index.php\/wp-json\/wp\/v2\/posts\/41308"}],"collection":[{"href":"https:\/\/vocesdebaires.com.ar\/index.php\/wp-json\/wp\/v2\/posts"}],"about":[{"href":"https:\/\/vocesdebaires.com.ar\/index.php\/wp-json\/wp\/v2\/types\/post"}],"author":[{"embeddable":true,"href":"https:\/\/vocesdebaires.com.ar\/index.php\/wp-json\/wp\/v2\/users\/2"}],"replies":[{"embeddable":true,"href":"https:\/\/vocesdebaires.com.ar\/index.php\/wp-json\/wp\/v2\/comments?post=41308"}],"version-history":[{"count":1,"href":"https:\/\/vocesdebaires.com.ar\/index.php\/wp-json\/wp\/v2\/posts\/41308\/revisions"}],"predecessor-version":[{"id":41310,"href":"https:\/\/vocesdebaires.com.ar\/index.php\/wp-json\/wp\/v2\/posts\/41308\/revisions\/41310"}],"wp:featuredmedia":[{"embeddable":true,"href":"https:\/\/vocesdebaires.com.ar\/index.php\/wp-json\/wp\/v2\/media\/41309"}],"wp:attachment":[{"href":"https:\/\/vocesdebaires.com.ar\/index.php\/wp-json\/wp\/v2\/media?parent=41308"}],"wp:term":[{"taxonomy":"category","embeddable":true,"href":"https:\/\/vocesdebaires.com.ar\/index.php\/wp-json\/wp\/v2\/categories?post=41308"},{"taxonomy":"post_tag","embeddable":true,"href":"https:\/\/vocesdebaires.com.ar\/index.php\/wp-json\/wp\/v2\/tags?post=41308"}],"curies":[{"name":"wp","href":"https:\/\/api.w.org\/{rel}","templated":true}]}}