{"id":41319,"date":"2022-11-15T01:03:09","date_gmt":"2022-11-15T04:03:09","guid":{"rendered":"https:\/\/vocesdebaires.com.ar\/?p=41319"},"modified":"2022-11-15T01:03:09","modified_gmt":"2022-11-15T04:03:09","slug":"en-la-ciudadcierre-de-la-primera-expo-seguridad-ba","status":"publish","type":"post","link":"https:\/\/vocesdebaires.com.ar\/index.php\/2022\/11\/15\/en-la-ciudadcierre-de-la-primera-expo-seguridad-ba\/","title":{"rendered":"En la ciudad:Cierre de la primera Expo Seguridad BA"},"content":{"rendered":"<p>El ministro de Justicia y Seguridad, Marcelo D\u2019Alessandro, cerr\u00f3 la primera Expo Seguridad BA, que se desarroll\u00f3 durante tres d\u00edas en el Pabell\u00f3n Azul de La Rural para reflejar la composici\u00f3n y el funcionamiento del Sistema Integral que opera en el territorio porte\u00f1o. \u00abQuiero agradecer a todos los que hicieron posible esto. Nosotros regulamos las reglas de conducta de una sociedad y a veces tenemos jueces y fiscales que est\u00e1n a la altura y a veces estamos solos. Todo este servicio que se da, se realiza por todo lo que se le pone para que salga bien\u201d, dijo el ministro durante el acto. Y apunt\u00f3: \u201cEsta Expo nos sirve para mostrar nuestra experiencia y permitirle a diferentes \u00e1reas de poder reflejar lo que hacen.<\/p>\n<p>Uno ve el uniforme en la calle, pero detr\u00e1s hay un sost\u00e9n que no se ve. Poder darle visibilidad es muy importante\u201d. Por su parte, el jefe de la Polic\u00eda de la Ciudad, Gabriel Berard, se\u00f1al\u00f3: \u201cEstamos en la semana de los festejos de la polic\u00eda y en los stands uno puede ver c\u00f3mo se trabaja en las distintas \u00e1reas del Sistema Integral de Seguridad. Tenemos un gran esp\u00edritu de servicio\u201d. \u201cLo que m\u00e1s nos satisface es que nuestros vecinos nos reconocen, tenemos una imagen positiva alta y tenemos la vocaci\u00f3n de servir\u201d, remarc\u00f3. Adem\u00e1s, el subjefe Pedro Carnero dijo: \u201cLo que vemos es todo lo que est\u00e1 al servicio de la Seguridad, pero lo que no se ve es la esencia de cada polic\u00eda, eso se siente.<\/p>\n<p>Ese sentimiento nos valora y es lo que todos ponemos para que la Seguridad en la Ciudad sea lo que es hoy\u201d. La Expo Seguridad BA exhibi\u00f3 en diferentes stands todas las \u00e1reas que componen el Sistema Integral y durante los tres d\u00edas miles de visitantes entre los que hubo colegios, grupos de vecinos y publico en general pudieron conocerlas e interactuar con polic\u00edas, bomberos, agentes de prevenci\u00f3n, agentes de tr\u00e1nsito y m\u00e9dicos del SAME. La muestra cont\u00f3 tres Nodos principales en los que se abordaba la Prevenci\u00f3n, las Emergencias y la Polic\u00eda. En ellos, el Centro de Monitoreo Urbano, la central del 911 y la Polic\u00eda de la Ciudad fueron los referentes para que los visitantes puedan ver c\u00f3mo est\u00e1n conectados entre s\u00ed con el Sistema Integral de Seguridad.<\/p>\n","protected":false},"excerpt":{"rendered":"<p>El ministro de Justicia y Seguridad, Marcelo D\u2019Alessandro, cerr\u00f3 la primera Expo Seguridad BA, que se desarroll\u00f3 durante tres d\u00edas en el Pabell\u00f3n Azul de La Rural para reflejar la composici\u00f3n y el funcionamiento del Sistema Integral que opera en el territorio porte\u00f1o. \u00abQuiero agradecer a todos los que hicieron posible esto. Nosotros regulamos las [&hellip;]<\/p>\n","protected":false},"author":2,"featured_media":41320,"comment_status":"open","ping_status":"open","sticky":false,"template":"","format":"standard","meta":{"_et_pb_use_builder":"","_et_pb_old_content":"","_et_gb_content_width":"","footnotes":""},"categories":[11,33],"tags":[],"class_list":["post-41319","post","type-post","status-publish","format-standard","has-post-thumbnail","hentry","category-ciudad","category-sociedad-y-cultura-2"],"_links":{"self":[{"href":"https:\/\/vocesdebaires.com.ar\/index.php\/wp-json\/wp\/v2\/posts\/41319"}],"collection":[{"href":"https:\/\/vocesdebaires.com.ar\/index.php\/wp-json\/wp\/v2\/posts"}],"about":[{"href":"https:\/\/vocesdebaires.com.ar\/index.php\/wp-json\/wp\/v2\/types\/post"}],"author":[{"embeddable":true,"href":"https:\/\/vocesdebaires.com.ar\/index.php\/wp-json\/wp\/v2\/users\/2"}],"replies":[{"embeddable":true,"href":"https:\/\/vocesdebaires.com.ar\/index.php\/wp-json\/wp\/v2\/comments?post=41319"}],"version-history":[{"count":1,"href":"https:\/\/vocesdebaires.com.ar\/index.php\/wp-json\/wp\/v2\/posts\/41319\/revisions"}],"predecessor-version":[{"id":41321,"href":"https:\/\/vocesdebaires.com.ar\/index.php\/wp-json\/wp\/v2\/posts\/41319\/revisions\/41321"}],"wp:featuredmedia":[{"embeddable":true,"href":"https:\/\/vocesdebaires.com.ar\/index.php\/wp-json\/wp\/v2\/media\/41320"}],"wp:attachment":[{"href":"https:\/\/vocesdebaires.com.ar\/index.php\/wp-json\/wp\/v2\/media?parent=41319"}],"wp:term":[{"taxonomy":"category","embeddable":true,"href":"https:\/\/vocesdebaires.com.ar\/index.php\/wp-json\/wp\/v2\/categories?post=41319"},{"taxonomy":"post_tag","embeddable":true,"href":"https:\/\/vocesdebaires.com.ar\/index.php\/wp-json\/wp\/v2\/tags?post=41319"}],"curies":[{"name":"wp","href":"https:\/\/api.w.org\/{rel}","templated":true}]}}