{"id":41355,"date":"2022-11-17T00:00:05","date_gmt":"2022-11-17T03:00:05","guid":{"rendered":"https:\/\/vocesdebaires.com.ar\/?p=41355"},"modified":"2022-11-16T22:11:20","modified_gmt":"2022-11-17T01:11:20","slug":"legislaturaangel-machi-reconocido-como-personalidad-destacada-de-la-cultura","status":"publish","type":"post","link":"https:\/\/vocesdebaires.com.ar\/index.php\/2022\/11\/17\/legislaturaangel-machi-reconocido-como-personalidad-destacada-de-la-cultura\/","title":{"rendered":"Ciudad::\u00c1ngel Machi, reconocido como personalidad destacada de la cultura"},"content":{"rendered":"<p>La Legislatura de la Ciudad declar\u00f3 ayer por la tarde al empresario de entretenimiento y cultura Luis \u00c1ngel Machi como Personalidad Destacada de la Cultura, en un acto celebrado en el sal\u00f3n Hip\u00f3lito Yrigoyen. All\u00ed participaron el legislador e impulsor de la iniciativa Mat\u00edas L\u00f3pez (VJ), el homenajeado, amigos y familiares. \u201cHoy reconocemos el trabajo y el esfuerzo que hizo Luis \u00c1ngel Machi durante todos estos a\u00f1os por mantener viva la cultura de nuestra ciudad y de nuestro pa\u00eds\u201d, se\u00f1al\u00f3 L\u00f3pez al comienzo. Tambi\u00e9n destac\u00f3 el acompa\u00f1amiento de los dem\u00e1s diputados en cuanto al proyecto. Y destac\u00f3: \u201cSiempre apostaste a revalorar nuestra tradici\u00f3n, el tango y el folcklore. Los espacios culturales y arquitect\u00f3nicos de nuestra ciudad, que mantuviste y enalteciste. Eso no puede no ser reconocido por la Legislatura.<\/p>\n<p>Por su parte, Machi agradeci\u00f3 a la Legislatura por la declaraci\u00f3n y coment\u00f3: \u201cla verdad que llegar a esto es incre\u00edble\u201d. Luego resalt\u00f3 la belleza de la Ciudad de Buenos Aires, que \u201clo tiene todo\u201d. Y concluy\u00f3: \u201cHemos llevado nuestra bandera por infinidad de pa\u00edses desde hace 40 a\u00f1os, con el tango y el folcklore\u201d. Luis \u00c1ngel Machi se instal\u00f3 en el barrio de Once, donde alquil\u00f3 un local en el primer piso de Balcarce 431. All\u00ed ide\u00f3 un proyecto de cenas shows, para el que eligi\u00f3 al tango y al folcklore como s\u00edmbolo de la casa y muestra de nuestra cultura al turismo exterior. Con visi\u00f3n comercial y pensando en brindar el mejor servicio al turista, Machi ofreci\u00f3 por primera vez un show de tango y en donde los turistas y clientes pudieron disfrutar del espect\u00e1culo.<\/p>\n<p>Como tambi\u00e9n degustar platos exquisitos y t\u00edpicos de nuestro pa\u00eds. A su vez incorpor\u00f3 el servicio de transfer ida y vuelta al hotel de residencia, que luego se expandi\u00f3 a nivel mundial. En 2006 abri\u00f3 la lujosa Gala Tango, casa que muestra en detalle la identidad de la cultura porte\u00f1a. En 2015 inaugur\u00f3 la tercer tanguer\u00eda llamada Aljibe Tango y su \u00faltimo emprendimiento fue el ambicioso proyecto Michelangelo, un antiguo edificio puesto en valor y modificado con los \u00faltimos adelantos tecnol\u00f3gicos. Y por el cual pasaron figuras de renombre internacional como Madonna y The Rolling Stones.<\/p>\n","protected":false},"excerpt":{"rendered":"<p>La Legislatura de la Ciudad declar\u00f3 ayer por la tarde al empresario de entretenimiento y cultura Luis \u00c1ngel Machi como Personalidad Destacada de la Cultura, en un acto celebrado en el sal\u00f3n Hip\u00f3lito Yrigoyen. All\u00ed participaron el legislador e impulsor de la iniciativa Mat\u00edas L\u00f3pez (VJ), el homenajeado, amigos y familiares. \u201cHoy reconocemos el trabajo [&hellip;]<\/p>\n","protected":false},"author":2,"featured_media":41356,"comment_status":"open","ping_status":"open","sticky":false,"template":"","format":"standard","meta":{"_et_pb_use_builder":"","_et_pb_old_content":"","_et_gb_content_width":"","footnotes":""},"categories":[11,33],"tags":[],"class_list":["post-41355","post","type-post","status-publish","format-standard","has-post-thumbnail","hentry","category-ciudad","category-sociedad-y-cultura-2"],"_links":{"self":[{"href":"https:\/\/vocesdebaires.com.ar\/index.php\/wp-json\/wp\/v2\/posts\/41355"}],"collection":[{"href":"https:\/\/vocesdebaires.com.ar\/index.php\/wp-json\/wp\/v2\/posts"}],"about":[{"href":"https:\/\/vocesdebaires.com.ar\/index.php\/wp-json\/wp\/v2\/types\/post"}],"author":[{"embeddable":true,"href":"https:\/\/vocesdebaires.com.ar\/index.php\/wp-json\/wp\/v2\/users\/2"}],"replies":[{"embeddable":true,"href":"https:\/\/vocesdebaires.com.ar\/index.php\/wp-json\/wp\/v2\/comments?post=41355"}],"version-history":[{"count":2,"href":"https:\/\/vocesdebaires.com.ar\/index.php\/wp-json\/wp\/v2\/posts\/41355\/revisions"}],"predecessor-version":[{"id":41358,"href":"https:\/\/vocesdebaires.com.ar\/index.php\/wp-json\/wp\/v2\/posts\/41355\/revisions\/41358"}],"wp:featuredmedia":[{"embeddable":true,"href":"https:\/\/vocesdebaires.com.ar\/index.php\/wp-json\/wp\/v2\/media\/41356"}],"wp:attachment":[{"href":"https:\/\/vocesdebaires.com.ar\/index.php\/wp-json\/wp\/v2\/media?parent=41355"}],"wp:term":[{"taxonomy":"category","embeddable":true,"href":"https:\/\/vocesdebaires.com.ar\/index.php\/wp-json\/wp\/v2\/categories?post=41355"},{"taxonomy":"post_tag","embeddable":true,"href":"https:\/\/vocesdebaires.com.ar\/index.php\/wp-json\/wp\/v2\/tags?post=41355"}],"curies":[{"name":"wp","href":"https:\/\/api.w.org\/{rel}","templated":true}]}}