{"id":41359,"date":"2022-11-17T00:00:31","date_gmt":"2022-11-17T03:00:31","guid":{"rendered":"https:\/\/vocesdebaires.com.ar\/?p=41359"},"modified":"2022-11-16T22:21:31","modified_gmt":"2022-11-17T01:21:31","slug":"en-la-ciudadse-presenta-la-muestra-identikit-de-interes-cultural","status":"publish","type":"post","link":"https:\/\/vocesdebaires.com.ar\/index.php\/2022\/11\/17\/en-la-ciudadse-presenta-la-muestra-identikit-de-interes-cultural\/","title":{"rendered":"En la ciudad:Se presenta la muestra \u201cIDENTIKIT\u00bb, de inter\u00e9s cultural"},"content":{"rendered":"<p>En un acto celebrado en el Sal\u00f3n Montevideo, La Legislatura de la Ciudad declar\u00f3 de Inter\u00e9s Cultural a la muestra \u201cIDENTIKIT. La diversidad al desnudo: puercas disidentes\u201d. All\u00ed participaron el legislador e impulsor de la iniciativa Roy Cortina (PS), el director de Cultura y Derechos Humanos del Ministerio de Cultura de la Ciudad de Buenos Aires Daniel Mojico, la licenciada Anal\u00eda Dom\u00ednguez Neira, la integrante del equipo audiovisual de la muestra Liz Domecq y la artista y creadora de la obra Andrea Pasut. Adem\u00e1s se proyect\u00f3 un video-arte con fragmentos de las entrevistas que Pasut realiz\u00f3, mientras produce sus retratos.<\/p>\n<p>\u201cEn esta ocasi\u00f3n distinguimos a una muestra que nos interpela y nos pone a reflexionar sobre el tab\u00fa que todav\u00eda hoy, tanto en los medios de comunicaci\u00f3n audiovisuales como en la cultura general, representan los cuerpos de las identidades disidentes\u201d, destac\u00f3 el tambi\u00e9n el Vicepresidente 3\u00b0 de la Casa Legislativa. Y reflexion\u00f3: \u201cSi bien hemos dado pasos agigantados gracias a la lucha inclaudicable del colectivo travesti-trans, lo cierto es que todav\u00eda queda mucho por recorrer\u201d.<\/p>\n<p>Luego, Pasut agradeci\u00f3 a la Legislatura por la menci\u00f3n a su trabajo e hizo un recorrido por sus obras y en c\u00f3mo estas, en varias ocasiones, culminaron en murales y dem\u00e1s exposiciones. \u201cLa muestra naci\u00f3 despu\u00e9s de una gran depresi\u00f3n m\u00eda, en un momento despu\u00e9s de una transici\u00f3n social que me fue muy dif\u00edcil y compleja. Somos de una generaci\u00f3n que ha luchado mucho por todo lo que ahora estamos logrando\u201d, se sincer\u00f3 la artista. Tambi\u00e9n subray\u00f3 que su propuesta sobre el desnudo no era sobre el cuerpo, \u201csino sobre nuestras historias y nuestra memoria, que tambi\u00e9n fue arrebatada y contada por otros y quer\u00eda que cont\u00e1ramos con nuestra propia voz\u201d.<\/p>\n<p>A su turno, Mojico sentenci\u00f3: \u201cIDENTIKIT es una obra sumamente interesante para remover la potestad que el sistema cultural hegem\u00f3nico ha adquirido sobre el arte\u201d. Tambi\u00e9n calific\u00f3 de \u201cesencial\u201d su exposici\u00f3n y que \u00e9sta \u201ces parte de un compromiso de parte del Estado de la Ciudad de Buenos Aires con la cultura y los DDHH, que ya lleva a\u00f1os y que es importante renovarlo siempre\u201d. Por su parte, Neira resalt\u00f3: \u201clo m\u00e1s rico que ha hecho Andrea a lo largo de toda su obra es poder todo el tiempo trabajar con otros, restablecer en lo colectivo algo de esa singularidad\u201d.<\/p>\n<p>En la misma sinton\u00eda, Domecq concluy\u00f3 que la artista abre su lugar de autor\u00eda para convertirse \u201cen un proceso colectivo\u201d. \u201cIDENTIKIT. La diversidad al desnudo: cuerpas disidentas\u201d visibiliza, a trav\u00e9s de retratos y obras visuales, la diversidad de aquellos cuerpos que est\u00e1n fuera de los c\u00e1nones hegem\u00f3nicos. La muestra fue declarada de Inter\u00e9s Cultural por la C\u00e1mara de Diputados de la Naci\u00f3n, en 2019. Y podr\u00e1 disfrutarse en la Legislatura de la Ciudad desde el lunes 14 hasta el viernes pr\u00f3ximo, en el Hall de Honor.<\/p>\n","protected":false},"excerpt":{"rendered":"<p>En un acto celebrado en el Sal\u00f3n Montevideo, La Legislatura de la Ciudad declar\u00f3 de Inter\u00e9s Cultural a la muestra \u201cIDENTIKIT. La diversidad al desnudo: puercas disidentes\u201d. All\u00ed participaron el legislador e impulsor de la iniciativa Roy Cortina (PS), el director de Cultura y Derechos Humanos del Ministerio de Cultura de la Ciudad de Buenos [&hellip;]<\/p>\n","protected":false},"author":2,"featured_media":41360,"comment_status":"open","ping_status":"open","sticky":false,"template":"","format":"standard","meta":{"_et_pb_use_builder":"","_et_pb_old_content":"","_et_gb_content_width":"","footnotes":""},"categories":[11,33],"tags":[],"class_list":["post-41359","post","type-post","status-publish","format-standard","has-post-thumbnail","hentry","category-ciudad","category-sociedad-y-cultura-2"],"_links":{"self":[{"href":"https:\/\/vocesdebaires.com.ar\/index.php\/wp-json\/wp\/v2\/posts\/41359"}],"collection":[{"href":"https:\/\/vocesdebaires.com.ar\/index.php\/wp-json\/wp\/v2\/posts"}],"about":[{"href":"https:\/\/vocesdebaires.com.ar\/index.php\/wp-json\/wp\/v2\/types\/post"}],"author":[{"embeddable":true,"href":"https:\/\/vocesdebaires.com.ar\/index.php\/wp-json\/wp\/v2\/users\/2"}],"replies":[{"embeddable":true,"href":"https:\/\/vocesdebaires.com.ar\/index.php\/wp-json\/wp\/v2\/comments?post=41359"}],"version-history":[{"count":1,"href":"https:\/\/vocesdebaires.com.ar\/index.php\/wp-json\/wp\/v2\/posts\/41359\/revisions"}],"predecessor-version":[{"id":41361,"href":"https:\/\/vocesdebaires.com.ar\/index.php\/wp-json\/wp\/v2\/posts\/41359\/revisions\/41361"}],"wp:featuredmedia":[{"embeddable":true,"href":"https:\/\/vocesdebaires.com.ar\/index.php\/wp-json\/wp\/v2\/media\/41360"}],"wp:attachment":[{"href":"https:\/\/vocesdebaires.com.ar\/index.php\/wp-json\/wp\/v2\/media?parent=41359"}],"wp:term":[{"taxonomy":"category","embeddable":true,"href":"https:\/\/vocesdebaires.com.ar\/index.php\/wp-json\/wp\/v2\/categories?post=41359"},{"taxonomy":"post_tag","embeddable":true,"href":"https:\/\/vocesdebaires.com.ar\/index.php\/wp-json\/wp\/v2\/tags?post=41359"}],"curies":[{"name":"wp","href":"https:\/\/api.w.org\/{rel}","templated":true}]}}