{"id":41362,"date":"2022-11-17T00:00:32","date_gmt":"2022-11-17T03:00:32","guid":{"rendered":"https:\/\/vocesdebaires.com.ar\/?p=41362"},"modified":"2022-11-16T22:27:15","modified_gmt":"2022-11-17T01:27:15","slug":"legislaturatres-leyes-educativa-en-el-temario-en-la-sesion","status":"publish","type":"post","link":"https:\/\/vocesdebaires.com.ar\/index.php\/2022\/11\/17\/legislaturatres-leyes-educativa-en-el-temario-en-la-sesion\/","title":{"rendered":"Legislatura:Tres Leyes educativa en el temario en la sesi\u00f3n"},"content":{"rendered":"<p>Con despachos de la comisi\u00f3n parlamentaria de Educaci\u00f3n, Ciencia y Tecnolog\u00eda que preside la legisladora porte\u00f1a Manuela Thourte &#8211; UCR, los legisladores de la Ciudad de Buenos Aires debatir\u00e1n hoy jueves tres proyectos de leyes relacionados con el sistema educativo. Tambi\u00e9n se tratar\u00e1n variadas e importantes iniciativas, seg\u00fan lo acordado ayer mi\u00e9rcoles en la reuni\u00f3n de Labor Parlamentaria, presidida por el legislador Emmanuel Ferrario (VJ), junto a representantes de todas las bancadas.<\/p>\n<p>Los asuntos educativos son:Una ley marco de las cooperadoras escolares (proyecto de un particular, que tom\u00f3 estado parlamentario por la legisladora Mar\u00eda Bielli \u2013 FdT, al que luego se a\u00f1adi\u00f3 la propuesta de los legisladores Marina Kienast y Roberto Garc\u00eda Morit\u00e1n &#8211; RU); una norma \u201cpara el acompa\u00f1amiento adecuado de las trayectorias educativas de los ni\u00f1os, ni\u00f1as y adolescentes que debido a sus altas capacidades intelectuales requieran estrategias de acompa\u00f1amiento especificas\u201d (RU); y becas para cursar carreras estrat\u00e9gicas de Educaci\u00f3n Superior no Universitaria\u201d (VJ, UCR, FdT).<\/p>\n<p>Por otra parte, se considerar\u00e1n despachos sobre actualizaci\u00f3n de la ley local de cambio clim\u00e1tico, la simplificaci\u00f3n de varias normativas, reciclado y ahorro de papel en la administraci\u00f3n metropolitana, creaci\u00f3n del foro multisectorial para el empleo joven, leyes de nomenclaturas de calles y espacios p\u00fablicos en el Barrio 20, entre otros. La sesi\u00f3n ordinaria est\u00e1 convocada para hoy 9:30 del jueves 17 de noviembre.<\/p>\n","protected":false},"excerpt":{"rendered":"<p>Con despachos de la comisi\u00f3n parlamentaria de Educaci\u00f3n, Ciencia y Tecnolog\u00eda que preside la legisladora porte\u00f1a Manuela Thourte &#8211; UCR, los legisladores de la Ciudad de Buenos Aires debatir\u00e1n hoy jueves tres proyectos de leyes relacionados con el sistema educativo. Tambi\u00e9n se tratar\u00e1n variadas e importantes iniciativas, seg\u00fan lo acordado ayer mi\u00e9rcoles en la reuni\u00f3n [&hellip;]<\/p>\n","protected":false},"author":2,"featured_media":41363,"comment_status":"open","ping_status":"open","sticky":false,"template":"","format":"standard","meta":{"_et_pb_use_builder":"","_et_pb_old_content":"","_et_gb_content_width":"","footnotes":""},"categories":[11,33],"tags":[],"class_list":["post-41362","post","type-post","status-publish","format-standard","has-post-thumbnail","hentry","category-ciudad","category-sociedad-y-cultura-2"],"_links":{"self":[{"href":"https:\/\/vocesdebaires.com.ar\/index.php\/wp-json\/wp\/v2\/posts\/41362"}],"collection":[{"href":"https:\/\/vocesdebaires.com.ar\/index.php\/wp-json\/wp\/v2\/posts"}],"about":[{"href":"https:\/\/vocesdebaires.com.ar\/index.php\/wp-json\/wp\/v2\/types\/post"}],"author":[{"embeddable":true,"href":"https:\/\/vocesdebaires.com.ar\/index.php\/wp-json\/wp\/v2\/users\/2"}],"replies":[{"embeddable":true,"href":"https:\/\/vocesdebaires.com.ar\/index.php\/wp-json\/wp\/v2\/comments?post=41362"}],"version-history":[{"count":1,"href":"https:\/\/vocesdebaires.com.ar\/index.php\/wp-json\/wp\/v2\/posts\/41362\/revisions"}],"predecessor-version":[{"id":41364,"href":"https:\/\/vocesdebaires.com.ar\/index.php\/wp-json\/wp\/v2\/posts\/41362\/revisions\/41364"}],"wp:featuredmedia":[{"embeddable":true,"href":"https:\/\/vocesdebaires.com.ar\/index.php\/wp-json\/wp\/v2\/media\/41363"}],"wp:attachment":[{"href":"https:\/\/vocesdebaires.com.ar\/index.php\/wp-json\/wp\/v2\/media?parent=41362"}],"wp:term":[{"taxonomy":"category","embeddable":true,"href":"https:\/\/vocesdebaires.com.ar\/index.php\/wp-json\/wp\/v2\/categories?post=41362"},{"taxonomy":"post_tag","embeddable":true,"href":"https:\/\/vocesdebaires.com.ar\/index.php\/wp-json\/wp\/v2\/tags?post=41362"}],"curies":[{"name":"wp","href":"https:\/\/api.w.org\/{rel}","templated":true}]}}