{"id":4137,"date":"2019-01-02T03:00:00","date_gmt":"2019-01-02T06:00:00","guid":{"rendered":"http:\/\/vocesdebaires.com.ar\/wordpress\/index.php\/2019\/01\/02\/hogar-rawson-amparo-por-condiciones-edilicias\/"},"modified":"2019-01-02T03:00:00","modified_gmt":"2019-01-02T06:00:00","slug":"hogar-rawson-amparo-por-condiciones-edilicias","status":"publish","type":"post","link":"https:\/\/vocesdebaires.com.ar\/index.php\/2019\/01\/02\/hogar-rawson-amparo-por-condiciones-edilicias\/","title":{"rendered":"Hogar Rawson: Amparo por condiciones edilicias"},"content":{"rendered":"<p>El titular del Juzgado de Primera Instancia en lo Contencioso Administrativo y Tributario n.\u00ba 17, Marcelo Seg\u00f3n, en el marco de los autos caratulados \u201cMilani Celsi, Walter Tadeo y otros c\/ GCBA s\/ amparo-salud-temas edilicios\u201d, expediente N\u00b0 A74493\/2018-0 en tr\u00e1mite ante dicho Juzgado, Secretar\u00eda N\u00ba 33 -a cargo del Dr. Juan Esteban Scasso-, difunde la existencia, objeto y estado procesal del amparo de referencia.<\/p>\n<p>A tal fin, se hace saber que la acci\u00f3n de amparo fue interpuesta por Walter Tadeo Milani Celsi y Justo Ferm\u00edn Ceballos contra el Gobierno de la Ciudad de Buenos Aires, cuyo objeto es la protecci\u00f3n del derecho a la vida, a la salud, a la vivienda digna y a un h\u00e1bitat adecuado, a una alimentaci\u00f3n acorde a sus necesidades y, en definitiva, a un nivel de vida adecuado que permita transitar con dignidad la vejez. Ello, no solo respecto de los actores sino tambi\u00e9n de los dem\u00e1s residentes del \u201cHogar Rawson\u201d dependiente de la demandada.<\/p>\n<p>Asimismo, solicitan se ordene la realizaci\u00f3n de obras necesarias en el \u201cHogar Rawson\u201d, puesta en funcionamiento de los servicios conexos al edificio del hogar (agua, ascensores, calefacci\u00f3n\/refrigeraci\u00f3n, reparaci\u00f3n de ventanas y dem\u00e1s espacios comunes), restablecimiento del plantel m\u00e9dico estable de dicho lugar -se completen las vacantes no cubiertas en el servicio de salud y se reactiven las guardias los fines de semana-.En cuanto al estado procesal de las presentes, se hace saber que a\u00fan no se analizado la admisibilidad de la v\u00eda intentada, no se ha conferido traslado de la acci\u00f3n, no se ha resuelto acerca de la admisibilidad de las medidas precautorias solicitadas ni se ha prove\u00eddo el requerimiento de audiencia.<\/p>\n<p>Sin perjuicio de ello, se ha requerido al GCBA que en forma inmediata arbitre las medidas necesarias a los fines de garantizar que no corran riesgo alguno los residentes y terceros que ingresen al \u201cHogar Rawson\u201d y en particular constate las medidas de seguridad, estado estructural del citado hogar -en especial la existencia de un protocolo de incendio y dem\u00e1s emergencias- y verifique la calidad de comida que se sirve en el lugar y el cuidado brindado a los residentes del mismo.<\/p>\n<p>Asimismo se informa que se ha otorgado a todas aquellas personas que pudieran tener un inter\u00e9s en el resultado del litigio, el plazo de 10 (diez) d\u00edas para que se presenten en el expediente, constituyan domicilio y manifiesten lo que por derecho corresponda, bajo apercibimiento de continuar el juicio seg\u00fan su estado, y sin perjuicio de lo previsto en el art. 84 y ss. del CCAyT. Dicho plazo comenzar\u00e1 a correr a partir de la \u00faltima publicidad efectuada en el Bolet\u00edn Oficial de la Ciudad de Buenos Aires, o en la Comuna N\u00ba 4, o en el sitio web del GCBA, o en el canal de radiodifusi\u00f3n oficial del canal televisivo de la Ciudad, o la ordenada en el \u201cHogar Rawson\u201d, la que ocurra en fecha posterior.<\/p>\n","protected":false},"excerpt":{"rendered":"<p>El titular del Juzgado de Primera Instancia en lo Contencioso Administrativo y Tributario n.\u00ba 17, Marcelo Seg\u00f3n, en el marco de los autos caratulados \u201cMilani Celsi, Walter Tadeo y otros c\/ GCBA s\/ amparo-salud-temas edilicios\u201d, expediente N\u00b0 A74493\/2018-0 en tr\u00e1mite ante dicho Juzgado, Secretar\u00eda N\u00ba 33 -a cargo del Dr. Juan Esteban Scasso-, difunde la [&hellip;]<\/p>\n","protected":false},"author":1,"featured_media":4138,"comment_status":"open","ping_status":"open","sticky":false,"template":"","format":"standard","meta":{"_et_pb_use_builder":"","_et_pb_old_content":"","_et_gb_content_width":"","footnotes":""},"categories":[11,33],"tags":[],"class_list":["post-4137","post","type-post","status-publish","format-standard","has-post-thumbnail","hentry","category-ciudad","category-sociedad-y-cultura-2"],"_links":{"self":[{"href":"https:\/\/vocesdebaires.com.ar\/index.php\/wp-json\/wp\/v2\/posts\/4137"}],"collection":[{"href":"https:\/\/vocesdebaires.com.ar\/index.php\/wp-json\/wp\/v2\/posts"}],"about":[{"href":"https:\/\/vocesdebaires.com.ar\/index.php\/wp-json\/wp\/v2\/types\/post"}],"author":[{"embeddable":true,"href":"https:\/\/vocesdebaires.com.ar\/index.php\/wp-json\/wp\/v2\/users\/1"}],"replies":[{"embeddable":true,"href":"https:\/\/vocesdebaires.com.ar\/index.php\/wp-json\/wp\/v2\/comments?post=4137"}],"version-history":[{"count":0,"href":"https:\/\/vocesdebaires.com.ar\/index.php\/wp-json\/wp\/v2\/posts\/4137\/revisions"}],"wp:featuredmedia":[{"embeddable":true,"href":"https:\/\/vocesdebaires.com.ar\/index.php\/wp-json\/wp\/v2\/media\/4138"}],"wp:attachment":[{"href":"https:\/\/vocesdebaires.com.ar\/index.php\/wp-json\/wp\/v2\/media?parent=4137"}],"wp:term":[{"taxonomy":"category","embeddable":true,"href":"https:\/\/vocesdebaires.com.ar\/index.php\/wp-json\/wp\/v2\/categories?post=4137"},{"taxonomy":"post_tag","embeddable":true,"href":"https:\/\/vocesdebaires.com.ar\/index.php\/wp-json\/wp\/v2\/tags?post=4137"}],"curies":[{"name":"wp","href":"https:\/\/api.w.org\/{rel}","templated":true}]}}