{"id":41372,"date":"2022-11-18T15:40:14","date_gmt":"2022-11-18T18:40:14","guid":{"rendered":"https:\/\/vocesdebaires.com.ar\/?p=41372"},"modified":"2022-11-18T15:40:14","modified_gmt":"2022-11-18T18:40:14","slug":"en-la-costa-atlantica-carilo-esta-lista-para-la-temporada-2023","status":"publish","type":"post","link":"https:\/\/vocesdebaires.com.ar\/index.php\/2022\/11\/18\/en-la-costa-atlantica-carilo-esta-lista-para-la-temporada-2023\/","title":{"rendered":"En la Costa Atl\u00e1ntica: Caril\u00f3 est\u00e1 lista para la temporada 2023"},"content":{"rendered":"<p>Caril\u00f3 es m\u00e1s que una localidad tranquila de la Provincia de Buenos Aires, emplazada dentro del Partido de Pinamar en la Costa Atl\u00e1ntica argentina. Hoy, est\u00e1 peque\u00f1a villa de mar y bosque, tiene vuelo propio y es un destino tur\u00edstico con todo lo que se requiere para ser considerado de nivel internacional. Atr\u00e1s qued\u00f3 la vieja casa de t\u00e9 con las cabras en el techo y los peque\u00f1os comercios. Con m\u00e1s de 7000 plazas para alojamiento y decenas de restaurantes y bares donde la gastronom\u00eda es variada y exquisita, Caril\u00f3 se transform\u00f3 en el destino aspiracional de miles de argentinos que llegan de visita durante todo el a\u00f1o. Y espera una temporada 2023 a full. Caril\u00f3, que significa M\u00e9dano Verde en mapuche, ofrece 4 balnearios sobre 3 km de playa con todos los servicios.<\/p>\n<p>Lo m\u00e1s lindo es llegar a la costa por las pasarelas p\u00fablicas a trav\u00e9s de las altas dunas, rodeadas de vegetaci\u00f3n nativa ampliamente conservada.\u00a0 Adem\u00e1s de comer y beber hay muchas cosas para divertirse y amenizar esa deseada actividad de estar tirado al sol y chapotear en el mar. Entre muchas otras, se puede andar en fat bikes ruedas gruesas especiales para la arena-, pasear en UTV, hacer shopping en el centro comercial, disfrutar de visitas guiadas por el \u00e1rea hist\u00f3rica y, especialmente, comer y beber. Las propuestas van desde la comida coste\u00f1a hasta la pizza napoletana, pasando por las tapas espa\u00f1olas, la pasta italiana o la hamburgueser\u00eda gourmet, sushi o raclette. Cerveza y tragos por la noche, escuchando cada d\u00eda diferentes bandas en vivo.<\/p>\n<p><strong>Lo que se viene en temporada<\/strong><br \/>\nLa C\u00e1mara de Turismo de Caril\u00f3 organiza cada a\u00f1o diversas actividades que se suman como propuesta para pasar un buen momento. La temporada ya comenz\u00f3 con activaciones que inician este pr\u00f3ximo finde largo del 20 de noviembre. El lugar de encuentro, en esta oportunidad, es la plaza central Manuel H\u00e9ctor M. Guerrero, donde, en pocos d\u00edas, se inaugura una plaza tem\u00e1tica,<\/p>\n<p>El Refugio del Bosque, con un mangrullo que incluye juegos y bancos, todo especialmente construido con materiales pl\u00e1sticos reciclados, iniciativa de Crucijuegos SA, una empresa que se encarga especialmente de fabricar plazas tem\u00e1ticas, y decidi\u00f3 festejar sus 30 a\u00f1os donando una serie de productos creados con material reutilizado. El \u201cMangrullo Refugio del Bosque\u201d inaugurar\u00e1 con un c\u00f3ctel el pr\u00f3ximo 19 de noviembre a las 15 horas. Del 9 al 12 de diciembre se realizar\u00e1 Casa Abierta Caril\u00f3, una Expo- Feria organizada por la C\u00e1mara junto a Mica Incuba del Ministerio de Cultura de Naci\u00f3n, acompa\u00f1adas por la actividad de las galer\u00edas locales Pionera Galer\u00eda de Arte, Caril\u00f3 Arte y Hasta la Ra\u00edz.<\/p>\n<p>Habr\u00e1 muestras de dise\u00f1o de interiores y arquitectura.En el Barrio Constancia una casa abrir\u00e1 sus puertas, ambientada con obras de artistas emergentes tanto locales como de la regi\u00f3n. Paralelamente habr\u00e1 c\u00e1psulas en los bares y restaurantes m\u00e1s emblem\u00e1ticos del polo gastron\u00f3mico. La noche inaugural habr\u00e1 m\u00fasica en vivo y vernissage. El evento tendr\u00e1 entrada libre y gratuita. \u201cSabe la Tierra\u201d es una feria basada en la sustentabilidad que a lo largo de todo el a\u00f1o est\u00e1 presente en la Plaza con sus emprendedores, artistas y actividades m\u00faltiples.<\/p>\n<p>Est\u00e1 planificado que varios fines de semana de diciembre, enero y febrero, la Feria est\u00e9 presente con sus ofertas que incluyen a peque\u00f1os productores locales y emprendedores naturales y org\u00e1nicos. Este a\u00f1o se inaugura tambi\u00e9n el Gazebo de la Moda Sostenible, un tema muy desarrollado por la C\u00e1mara en los \u00faltimos a\u00f1os, que en 2023 tendr\u00e1 un hito fundamental de la mano de AMSOAR, la Asociaci\u00f3n de Moda Sostenible Argentina, cuyo objetivo es dar a conocer y fomentar la tarea de dise\u00f1adores nacionales comprometidos con la sostenibilidad desde sus diversos puntos de vista.<\/p>\n<p>El desfile, organizado con la Producci\u00f3n general de VLC Marketing, ser\u00e1 uno de los atractivos m\u00e1s fuertes de la Fiesta Inauguraci\u00f3n de la temporada que tendr\u00e1 lugar en diciembre en el Balneario Hemingway de la Villa. Con sus calles tranquilas, sus bosques m\u00e1gicos, una costa so\u00f1ada y el beneficio de una excelente atenci\u00f3n al visitante, el Parque Caril\u00f3 es, sin dudas, el mejor destino de vacaciones de la Costa Atl\u00e1ntica argentina.<\/p>\n","protected":false},"excerpt":{"rendered":"<p>Caril\u00f3 es m\u00e1s que una localidad tranquila de la Provincia de Buenos Aires, emplazada dentro del Partido de Pinamar en la Costa Atl\u00e1ntica argentina. Hoy, est\u00e1 peque\u00f1a villa de mar y bosque, tiene vuelo propio y es un destino tur\u00edstico con todo lo que se requiere para ser considerado de nivel internacional. Atr\u00e1s qued\u00f3 la [&hellip;]<\/p>\n","protected":false},"author":3,"featured_media":41373,"comment_status":"open","ping_status":"open","sticky":false,"template":"","format":"standard","meta":{"_et_pb_use_builder":"","_et_pb_old_content":"","_et_gb_content_width":"","footnotes":""},"categories":[13,33],"tags":[],"class_list":["post-41372","post","type-post","status-publish","format-standard","has-post-thumbnail","hentry","category-provincia","category-sociedad-y-cultura-2"],"_links":{"self":[{"href":"https:\/\/vocesdebaires.com.ar\/index.php\/wp-json\/wp\/v2\/posts\/41372"}],"collection":[{"href":"https:\/\/vocesdebaires.com.ar\/index.php\/wp-json\/wp\/v2\/posts"}],"about":[{"href":"https:\/\/vocesdebaires.com.ar\/index.php\/wp-json\/wp\/v2\/types\/post"}],"author":[{"embeddable":true,"href":"https:\/\/vocesdebaires.com.ar\/index.php\/wp-json\/wp\/v2\/users\/3"}],"replies":[{"embeddable":true,"href":"https:\/\/vocesdebaires.com.ar\/index.php\/wp-json\/wp\/v2\/comments?post=41372"}],"version-history":[{"count":2,"href":"https:\/\/vocesdebaires.com.ar\/index.php\/wp-json\/wp\/v2\/posts\/41372\/revisions"}],"predecessor-version":[{"id":41375,"href":"https:\/\/vocesdebaires.com.ar\/index.php\/wp-json\/wp\/v2\/posts\/41372\/revisions\/41375"}],"wp:featuredmedia":[{"embeddable":true,"href":"https:\/\/vocesdebaires.com.ar\/index.php\/wp-json\/wp\/v2\/media\/41373"}],"wp:attachment":[{"href":"https:\/\/vocesdebaires.com.ar\/index.php\/wp-json\/wp\/v2\/media?parent=41372"}],"wp:term":[{"taxonomy":"category","embeddable":true,"href":"https:\/\/vocesdebaires.com.ar\/index.php\/wp-json\/wp\/v2\/categories?post=41372"},{"taxonomy":"post_tag","embeddable":true,"href":"https:\/\/vocesdebaires.com.ar\/index.php\/wp-json\/wp\/v2\/tags?post=41372"}],"curies":[{"name":"wp","href":"https:\/\/api.w.org\/{rel}","templated":true}]}}