{"id":41387,"date":"2022-11-18T16:01:08","date_gmt":"2022-11-18T19:01:08","guid":{"rendered":"https:\/\/vocesdebaires.com.ar\/?p=41387"},"modified":"2022-11-18T16:01:08","modified_gmt":"2022-11-18T19:01:08","slug":"reunion-las-fundaciones-de-jxc-y-la-coalicion-para-continuar-trabajando","status":"publish","type":"post","link":"https:\/\/vocesdebaires.com.ar\/index.php\/2022\/11\/18\/reunion-las-fundaciones-de-jxc-y-la-coalicion-para-continuar-trabajando\/","title":{"rendered":"Reuni\u00f3n: Las fundaciones de JxC y la coalici\u00f3n para continuar trabajando"},"content":{"rendered":"<p>Las fundaciones Pensar (PRO); Alem (UCR); Hannah Arendt (Coalici\u00f3n C\u00edvica) y Encuentro Federal, integrantes de Juntos por el Cambio, se reunieron el pasado este martes y mi\u00e9rcoles para continuar trabajando en los lineamientos de las pol\u00edticas p\u00fablicas que presentar\u00e1 la coalici\u00f3n.El pasado, martes, el encuentro se realiz\u00f3 en la sede de Pensar de la calle Balcarce y hoy en el Comit\u00e9 Nacional de la UCR. All\u00ed se reunieron los equipos t\u00e9cnicos y los responsables pol\u00edticos de las fundaciones para analizar los avances de todos los temas que forman parte de estos acuerdos.<\/p>\n<p>Los cuadros t\u00e9cnicos expusieron los avances en temas como: Trabajo productivo para todos los argentinos; Crecimiento econ\u00f3mico; Nuestro paradigma de seguridad; Pobreza y crisis social.<br \/>\nLa jornada se realiz\u00f3 en el Comit\u00e9 Nacional de la UCR de la calle Alsina, donde se trabaj\u00f3 sobre; Un cambio de fondo en la educaci\u00f3n; Salud; Justicia independiente, eficaz y cre\u00edble; Pol\u00edtica exterior y finalmente Estado, nuevo acuerdo federal y bienes p\u00fablicos de calidad.<\/p>\n<p>Agust\u00edn Campero, presidente de la Fundaci\u00f3n Alem, sostuvo que \u201cla tarea que se viene realizando desde el a\u00f1o 2020 contribuye a tener una visi\u00f3n clara sobre el futuro del pa\u00eds y construye una verdadera coalici\u00f3n\u201d. \u201cLos equipos est\u00e1n trabajando juntos y abordando cada tema con profundidad\u201d, agreg\u00f3. Franco Moccia de Pensar, afirm\u00f3 que \u201cla Argentina est\u00e1 en una situaci\u00f3n dif\u00edcil y hay que tener un abordaje detallado de cada \u00e1rea\u201d. \u201cVamos a proponerle al pa\u00eds el sendero de reformas para tener un crecimiento sostenido\u201d, a\u00f1adi\u00f3.<\/p>\n<p>Por el Instituto Hannah Arendt, Fernando S\u00e1nchez consider\u00f3 que \u201clos pr\u00f3ximos a\u00f1os ser\u00e1n de avances. Estamos trabajando para que los argentinos podamos salir adelante en un pa\u00eds que respete la justicia, la honestidad y la cultura del trabajo\u201d. Eduardo Mondino de Encuentro Federal plante\u00f3 que \u201clos tiempos que vienen tienen que ser aprovechados para que haya un verdadero cambio. La Argentina esta devastada en lo pol\u00edtico, en lo econ\u00f3mico y en lo social. Necesitamos un profundo cambio cultural para retomar la Argentina de la producci\u00f3n y el trabajo\u201d. Los equipos se re\u00fanen peri\u00f3dicamente en las sedes de las distintas fundaciones y discuten cada tema y sus propuestas.<\/p>\n<p>Algunos de los expertos que forman parte de este grupo de trabajo son: Por Pensar: Ezequiel Jarvis (Trabajo); Mercedes Sanguinetti (Educaci\u00f3n); Paco Gismondi (Econom\u00eda); Margarita Cejas, Fern\u00e1n Quir\u00f3s (Pensar); Eugenio Burzaco (Seguridad); Mart\u00edn Casares (Justicia); Gladys Gonz\u00e1lez (Ambiente); Fulvio Pompeo (Pol\u00edtica exterior); Mar\u00eda Migliore y Matias Lobo (Pol\u00edticas sociales); Javier Romero (Estado).<\/p>\n<p><strong>Por el Instituto Hannah Arendt:<\/strong> Javier Campos (Trabajo); Eduardo Arc\u00e1ngeli (Educaci\u00f3n); Mat\u00edas Surt (Econom\u00eda); Rub\u00e9n Manzi (Salud); M\u00f3nica Frade (Seguridad); Mariana Stilman (Justicia); Javier Garc\u00eda Espil (Ambiente); Fernanda Reyes (Pol\u00edticas sociales); Victoria Borrego (Estado).<\/p>\n<p><strong>Por Encuentro Federal:<\/strong> Juan Carlos S\u00e1nchez Arnau (Trabajo y Econom\u00eda); Susana Decibe (Educaci\u00f3n); Santiago Montoya (Econom\u00eda); Hugo Magonza (Salud); Miguel \u00c1ngel Toma (Seguridad); Alejandro Fargosi (Justicia); Alieto Guadagni (Ambiente); Andr\u00e9s Cisneros y Juan Pablo Lohle (Pol\u00edtica exterior); Eduardo Mondino (Pol\u00edticas sociales); Adri\u00e1n Menem (Estado). Por la fundaci\u00f3n Alem: Adolfo Rubinstein (Salud); M\u00f3nica Marquina (Educaci\u00f3n); Fabio Quetglas (Pol\u00edticas sociales); Mar\u00eda In\u00e9s Zigar\u00e1n (Ambiente) Eduardo Levy Yeyati y Maximiliano Castillo (Econom\u00eda); Horacio Barreiro (Trabajo); Elsa Llenderrozas (Pol\u00edtica exterior); Alejandro Salom\u00f3n (Seguridad); Gustavo Menna (Justicia); Lilita Puig y Lucas Luchilo (Estado).<\/p>\n","protected":false},"excerpt":{"rendered":"<p>Las fundaciones Pensar (PRO); Alem (UCR); Hannah Arendt (Coalici\u00f3n C\u00edvica) y Encuentro Federal, integrantes de Juntos por el Cambio, se reunieron el pasado este martes y mi\u00e9rcoles para continuar trabajando en los lineamientos de las pol\u00edticas p\u00fablicas que presentar\u00e1 la coalici\u00f3n.El pasado, martes, el encuentro se realiz\u00f3 en la sede de Pensar de la calle [&hellip;]<\/p>\n","protected":false},"author":2,"featured_media":41388,"comment_status":"open","ping_status":"open","sticky":false,"template":"","format":"standard","meta":{"_et_pb_use_builder":"","_et_pb_old_content":"","_et_gb_content_width":"","footnotes":""},"categories":[11,33],"tags":[],"class_list":["post-41387","post","type-post","status-publish","format-standard","has-post-thumbnail","hentry","category-ciudad","category-sociedad-y-cultura-2"],"_links":{"self":[{"href":"https:\/\/vocesdebaires.com.ar\/index.php\/wp-json\/wp\/v2\/posts\/41387"}],"collection":[{"href":"https:\/\/vocesdebaires.com.ar\/index.php\/wp-json\/wp\/v2\/posts"}],"about":[{"href":"https:\/\/vocesdebaires.com.ar\/index.php\/wp-json\/wp\/v2\/types\/post"}],"author":[{"embeddable":true,"href":"https:\/\/vocesdebaires.com.ar\/index.php\/wp-json\/wp\/v2\/users\/2"}],"replies":[{"embeddable":true,"href":"https:\/\/vocesdebaires.com.ar\/index.php\/wp-json\/wp\/v2\/comments?post=41387"}],"version-history":[{"count":1,"href":"https:\/\/vocesdebaires.com.ar\/index.php\/wp-json\/wp\/v2\/posts\/41387\/revisions"}],"predecessor-version":[{"id":41389,"href":"https:\/\/vocesdebaires.com.ar\/index.php\/wp-json\/wp\/v2\/posts\/41387\/revisions\/41389"}],"wp:featuredmedia":[{"embeddable":true,"href":"https:\/\/vocesdebaires.com.ar\/index.php\/wp-json\/wp\/v2\/media\/41388"}],"wp:attachment":[{"href":"https:\/\/vocesdebaires.com.ar\/index.php\/wp-json\/wp\/v2\/media?parent=41387"}],"wp:term":[{"taxonomy":"category","embeddable":true,"href":"https:\/\/vocesdebaires.com.ar\/index.php\/wp-json\/wp\/v2\/categories?post=41387"},{"taxonomy":"post_tag","embeddable":true,"href":"https:\/\/vocesdebaires.com.ar\/index.php\/wp-json\/wp\/v2\/tags?post=41387"}],"curies":[{"name":"wp","href":"https:\/\/api.w.org\/{rel}","templated":true}]}}