{"id":41390,"date":"2022-11-18T16:04:13","date_gmt":"2022-11-18T19:04:13","guid":{"rendered":"https:\/\/vocesdebaires.com.ar\/?p=41390"},"modified":"2022-11-18T16:05:13","modified_gmt":"2022-11-18T19:05:13","slug":"ciudaddiaprevencion-del-abuso-contra-las-infancias-y-adolescencias","status":"publish","type":"post","link":"https:\/\/vocesdebaires.com.ar\/index.php\/2022\/11\/18\/ciudaddiaprevencion-del-abuso-contra-las-infancias-y-adolescencias\/","title":{"rendered":"Ciudad:D\u00eda,\u00bbPrevenci\u00f3n del Abuso contra las Infancias y Adolescencias\u00bb"},"content":{"rendered":"<p>Se eligi\u00f3 ese d\u00eda porque al d\u00eda siguiente, el 20, es el d\u00eda Universal del Ni\u00f1o\/a. A nivel nacional la ley 26061 y en la Ciudad la ley 114, buscan garantizar la protecci\u00f3n de manera integral de los derechos de las infancias. Ley 2916, sancionada el 6 de noviembre de 2008, publicada en el Bolet\u00edn oficial de la Ciudad Nro. 3074 del 10 de diciembre de 2008.<\/p>\n","protected":false},"excerpt":{"rendered":"<p>Se eligi\u00f3 ese d\u00eda porque al d\u00eda siguiente, el 20, es el d\u00eda Universal del Ni\u00f1o\/a. A nivel nacional la ley 26061 y en la Ciudad la ley 114, buscan garantizar la protecci\u00f3n de manera integral de los derechos de las infancias. Ley 2916, sancionada el 6 de noviembre de 2008, publicada en el Bolet\u00edn [&hellip;]<\/p>\n","protected":false},"author":2,"featured_media":41391,"comment_status":"open","ping_status":"open","sticky":false,"template":"","format":"standard","meta":{"_et_pb_use_builder":"","_et_pb_old_content":"","_et_gb_content_width":"","footnotes":""},"categories":[11,33],"tags":[],"class_list":["post-41390","post","type-post","status-publish","format-standard","has-post-thumbnail","hentry","category-ciudad","category-sociedad-y-cultura-2"],"_links":{"self":[{"href":"https:\/\/vocesdebaires.com.ar\/index.php\/wp-json\/wp\/v2\/posts\/41390"}],"collection":[{"href":"https:\/\/vocesdebaires.com.ar\/index.php\/wp-json\/wp\/v2\/posts"}],"about":[{"href":"https:\/\/vocesdebaires.com.ar\/index.php\/wp-json\/wp\/v2\/types\/post"}],"author":[{"embeddable":true,"href":"https:\/\/vocesdebaires.com.ar\/index.php\/wp-json\/wp\/v2\/users\/2"}],"replies":[{"embeddable":true,"href":"https:\/\/vocesdebaires.com.ar\/index.php\/wp-json\/wp\/v2\/comments?post=41390"}],"version-history":[{"count":1,"href":"https:\/\/vocesdebaires.com.ar\/index.php\/wp-json\/wp\/v2\/posts\/41390\/revisions"}],"predecessor-version":[{"id":41392,"href":"https:\/\/vocesdebaires.com.ar\/index.php\/wp-json\/wp\/v2\/posts\/41390\/revisions\/41392"}],"wp:featuredmedia":[{"embeddable":true,"href":"https:\/\/vocesdebaires.com.ar\/index.php\/wp-json\/wp\/v2\/media\/41391"}],"wp:attachment":[{"href":"https:\/\/vocesdebaires.com.ar\/index.php\/wp-json\/wp\/v2\/media?parent=41390"}],"wp:term":[{"taxonomy":"category","embeddable":true,"href":"https:\/\/vocesdebaires.com.ar\/index.php\/wp-json\/wp\/v2\/categories?post=41390"},{"taxonomy":"post_tag","embeddable":true,"href":"https:\/\/vocesdebaires.com.ar\/index.php\/wp-json\/wp\/v2\/tags?post=41390"}],"curies":[{"name":"wp","href":"https:\/\/api.w.org\/{rel}","templated":true}]}}