{"id":4142,"date":"2019-12-27T03:54:41","date_gmt":"2019-12-27T06:54:41","guid":{"rendered":"http:\/\/vocesdebaires.com.ar\/wordpress\/index.php\/2019\/12\/27\/gobernador-bonaerense-recibio-a-gremios-docentes\/"},"modified":"2019-12-27T03:54:41","modified_gmt":"2019-12-27T06:54:41","slug":"gobernador-bonaerense-recibio-a-gremios-docentes","status":"publish","type":"post","link":"https:\/\/vocesdebaires.com.ar\/index.php\/2019\/12\/27\/gobernador-bonaerense-recibio-a-gremios-docentes\/","title":{"rendered":"Gobernador bonaerense: Recibi\u00f3 a gremios docentes"},"content":{"rendered":"<p>El gobernador de la provincia de Buenos Aires, Axel Kicillof, recibi\u00f3 ayer en la Casa de Gobierno a representantes de los gremios del Frente de Unidad Docente Bonaerense (FUDB). Tambi\u00e9n estuvieron presentes el jefe de Gabinete, Carlos Bianco, la directora general de Cultura y Educaci\u00f3n, Agustina Vila, y la ministra de Trabajo, Mara Ruiz Malec. Se trat\u00f3 de un primer encuentro y un paso central de lo que ser\u00e1 el trabajo conjunto con la comunidad educativa para trabajar en soluciones a las demandas del sector. Tras la reuni\u00f3n, Vila expres\u00f3: \u201cNo hablamos solamente de lo salarial sino del sistema educativo en su conjunto. Hay muchas dificultades y hay que abordarlas con trabajo articulado y comprometido entre todos los sectores\u201d.<\/p>\n<p>Refiri\u00e9ndose a la infraestructura escolar sostuvo: \u201cLa prioridad es atender las urgencias en estos primeros 100 d\u00edas, haciendo las refacciones necesarias para comenzar las clases, luego vamos a trabajar sobre las ampliaciones\u201d. Agreg\u00f3 que \u201chay que atender 558 obras con distintas dificultades. Estas obras no se concentran en el Conurbano sino que son municipios de toda la provincia, por lo cual estamos articulando muy fuerte con los distritos para priorizar las acciones a llevar adelante&quot;. Por su parte, Ruiz Malec se refiri\u00f3 al di\u00e1logo con los gremios docentes y explic\u00f3: \u201cEstamos viendo cu\u00e1l es el punto de partida. La intenci\u00f3n es resolver las paritarias, que exceden lo salarial: tienen que ver tambi\u00e9n con las condiciones de trabajo y la carrera administrativa. Con los docentes vamos a tener una agenda muy amplia\u201d. Y agreg\u00f3: \u201cLa prioridad son los trabajadores y las trabajadoras del Estado y no haremos distinciones\u201d.<\/p>\n","protected":false},"excerpt":{"rendered":"<p>El gobernador de la provincia de Buenos Aires, Axel Kicillof, recibi\u00f3 ayer en la Casa de Gobierno a representantes de los gremios del Frente de Unidad Docente Bonaerense (FUDB). Tambi\u00e9n estuvieron presentes el jefe de Gabinete, Carlos Bianco, la directora general de Cultura y Educaci\u00f3n, Agustina Vila, y la ministra de Trabajo, Mara Ruiz Malec. [&hellip;]<\/p>\n","protected":false},"author":1,"featured_media":4143,"comment_status":"open","ping_status":"open","sticky":false,"template":"","format":"standard","meta":{"_et_pb_use_builder":"","_et_pb_old_content":"","_et_gb_content_width":"","footnotes":""},"categories":[35,13],"tags":[],"class_list":["post-4142","post","type-post","status-publish","format-standard","has-post-thumbnail","hentry","category-gobierno","category-provincia"],"_links":{"self":[{"href":"https:\/\/vocesdebaires.com.ar\/index.php\/wp-json\/wp\/v2\/posts\/4142"}],"collection":[{"href":"https:\/\/vocesdebaires.com.ar\/index.php\/wp-json\/wp\/v2\/posts"}],"about":[{"href":"https:\/\/vocesdebaires.com.ar\/index.php\/wp-json\/wp\/v2\/types\/post"}],"author":[{"embeddable":true,"href":"https:\/\/vocesdebaires.com.ar\/index.php\/wp-json\/wp\/v2\/users\/1"}],"replies":[{"embeddable":true,"href":"https:\/\/vocesdebaires.com.ar\/index.php\/wp-json\/wp\/v2\/comments?post=4142"}],"version-history":[{"count":0,"href":"https:\/\/vocesdebaires.com.ar\/index.php\/wp-json\/wp\/v2\/posts\/4142\/revisions"}],"wp:featuredmedia":[{"embeddable":true,"href":"https:\/\/vocesdebaires.com.ar\/index.php\/wp-json\/wp\/v2\/media\/4143"}],"wp:attachment":[{"href":"https:\/\/vocesdebaires.com.ar\/index.php\/wp-json\/wp\/v2\/media?parent=4142"}],"wp:term":[{"taxonomy":"category","embeddable":true,"href":"https:\/\/vocesdebaires.com.ar\/index.php\/wp-json\/wp\/v2\/categories?post=4142"},{"taxonomy":"post_tag","embeddable":true,"href":"https:\/\/vocesdebaires.com.ar\/index.php\/wp-json\/wp\/v2\/tags?post=4142"}],"curies":[{"name":"wp","href":"https:\/\/api.w.org\/{rel}","templated":true}]}}