{"id":41431,"date":"2022-11-22T00:00:23","date_gmt":"2022-11-22T03:00:23","guid":{"rendered":"https:\/\/vocesdebaires.com.ar\/?p=41431"},"modified":"2022-11-21T19:15:05","modified_gmt":"2022-11-21T22:15:05","slug":"ciudaddeclarado-personalidad-destacada-de-la-cultura-a-barleand","status":"publish","type":"post","link":"https:\/\/vocesdebaires.com.ar\/index.php\/2022\/11\/22\/ciudaddeclarado-personalidad-destacada-de-la-cultura-a-barleand\/","title":{"rendered":"Ciudad:Declarado personalidad destacada de la cultura a Barleand"},"content":{"rendered":"<p>La semana pasada, en la Legislatura se declar\u00f3 al poeta, narrador y ensayista Norberto Barleand como Personalidad Destacada de la Cultura. En el acto, que se desarroll\u00f3 en el Sal\u00f3n Dorado, participaron la legisladora e impulsora del proyecto Mar\u00eda Luisa Gonz\u00e1lez Estevarena (VJ), el gerente operativo de Promoci\u00f3n Sociocultural \u201cCultura en Grande\u201d del Ministerio de Cultura de CABA Juan Ignacio Retamal, el escritor Rub\u00e9n Balseiro y el homenajeado.<\/p>\n<p>En el inicio de las alocuciones, la legisladora porte\u00f1a Gonz\u00e1lez Estevarena rememor\u00f3 la carrera del poeta y ensayista y destac\u00f3: \u201ces para m\u00ed un verdadero honor, recibir en esta casa, en el mejor sal\u00f3n de la Legislatura y a tan eminente e ilustre personalidad\u201d. Adem\u00e1s resalt\u00f3 la figura del legislador mandato cumplido Guillermo Gonz\u00e1lez Heredia, quien fue el autor de la iniciativa que se aprob\u00f3 antes de la pandemia. Luego, Barleand agradeci\u00f3 al Cuerpo Legislativo por la declaraci\u00f3n y coment\u00f3: \u201cme siento feliz porque se trata de Buenos Aires, y de sus representantes, de mi Ciudad, la que constantemente tr\u00e1nsito, amo, padezco, disfruto.<\/p>\n<p>A su gente, con la que referencio, o intento referenciar con la poes\u00eda\u201d. Por su parte, Retamal recalc\u00f3 el trabajo realizado por Barleand durante el encierro por el Covid-19. \u201cAh\u00ed estuvo la cultura y ah\u00ed estuvo el, presente, todos los d\u00edas, sentado en un zoom, pensando el proyecto, trabaj\u00e1ndolo. Es muy inspirador trabajar con una persona as\u00ed\u201d, concluy\u00f3 el dirigente. Norberto Barleand es poeta, ensayista, narrador y productor cultural. En su carrera particip\u00f3 en encuentros nacionales e internacionales, public\u00f3 libros de poes\u00eda, ensayos, cuentos y cr\u00edticas literarias. En el 2020, la Legislatura de la Ciudad lo declar\u00f3 Personalidad Destacada de la cultura.<\/p>\n","protected":false},"excerpt":{"rendered":"<p>La semana pasada, en la Legislatura se declar\u00f3 al poeta, narrador y ensayista Norberto Barleand como Personalidad Destacada de la Cultura. En el acto, que se desarroll\u00f3 en el Sal\u00f3n Dorado, participaron la legisladora e impulsora del proyecto Mar\u00eda Luisa Gonz\u00e1lez Estevarena (VJ), el gerente operativo de Promoci\u00f3n Sociocultural \u201cCultura en Grande\u201d del Ministerio de [&hellip;]<\/p>\n","protected":false},"author":2,"featured_media":41432,"comment_status":"open","ping_status":"open","sticky":false,"template":"","format":"standard","meta":{"_et_pb_use_builder":"","_et_pb_old_content":"","_et_gb_content_width":"","footnotes":""},"categories":[11,33],"tags":[],"class_list":["post-41431","post","type-post","status-publish","format-standard","has-post-thumbnail","hentry","category-ciudad","category-sociedad-y-cultura-2"],"_links":{"self":[{"href":"https:\/\/vocesdebaires.com.ar\/index.php\/wp-json\/wp\/v2\/posts\/41431"}],"collection":[{"href":"https:\/\/vocesdebaires.com.ar\/index.php\/wp-json\/wp\/v2\/posts"}],"about":[{"href":"https:\/\/vocesdebaires.com.ar\/index.php\/wp-json\/wp\/v2\/types\/post"}],"author":[{"embeddable":true,"href":"https:\/\/vocesdebaires.com.ar\/index.php\/wp-json\/wp\/v2\/users\/2"}],"replies":[{"embeddable":true,"href":"https:\/\/vocesdebaires.com.ar\/index.php\/wp-json\/wp\/v2\/comments?post=41431"}],"version-history":[{"count":1,"href":"https:\/\/vocesdebaires.com.ar\/index.php\/wp-json\/wp\/v2\/posts\/41431\/revisions"}],"predecessor-version":[{"id":41433,"href":"https:\/\/vocesdebaires.com.ar\/index.php\/wp-json\/wp\/v2\/posts\/41431\/revisions\/41433"}],"wp:featuredmedia":[{"embeddable":true,"href":"https:\/\/vocesdebaires.com.ar\/index.php\/wp-json\/wp\/v2\/media\/41432"}],"wp:attachment":[{"href":"https:\/\/vocesdebaires.com.ar\/index.php\/wp-json\/wp\/v2\/media?parent=41431"}],"wp:term":[{"taxonomy":"category","embeddable":true,"href":"https:\/\/vocesdebaires.com.ar\/index.php\/wp-json\/wp\/v2\/categories?post=41431"},{"taxonomy":"post_tag","embeddable":true,"href":"https:\/\/vocesdebaires.com.ar\/index.php\/wp-json\/wp\/v2\/tags?post=41431"}],"curies":[{"name":"wp","href":"https:\/\/api.w.org\/{rel}","templated":true}]}}