{"id":41438,"date":"2022-11-22T00:00:41","date_gmt":"2022-11-22T03:00:41","guid":{"rendered":"https:\/\/vocesdebaires.com.ar\/?p=41438"},"modified":"2022-11-21T19:29:41","modified_gmt":"2022-11-21T22:29:41","slug":"colonias-deportivas-de-verano-2023-se-abre-la-inscripcion","status":"publish","type":"post","link":"https:\/\/vocesdebaires.com.ar\/index.php\/2022\/11\/22\/colonias-deportivas-de-verano-2023-se-abre-la-inscripcion\/","title":{"rendered":"Colonias Deportivas de Verano 2023 se abre la inscripci\u00f3n"},"content":{"rendered":"<p>Llega la \u00e9poca m\u00e1s divertida del a\u00f1o. Es que vuelven las Colonias Deportivas de la Ciudad, el programa que a\u00f1o a a\u00f1o re\u00fane a m\u00e1s de 20.000 ni\u00f1os y ni\u00f1as de la Ciudad. La novedad de esta edici\u00f3n es que se extender\u00e1 hasta el viernes 3 de febrero. La propuesta vuelve a ser totalmente gratuita, dirigida a chicos y chicas de entre 4 y 12 a\u00f1os, y se desarrollar\u00e1 de lunes a viernes. Los ni\u00f1os y las ni\u00f1as recibir\u00e1n diariamente desayuno, almuerzo y merienda, y disfrutar\u00e1n de todas las actividades deportivas, recreativas y culturales que se ofrecen en las mismas, siempre supervisados por profesores, m\u00e9dicos, psic\u00f3logos, nutricionistas y guardavidas.<\/p>\n<p><strong>Como inscribirse:<\/strong><br \/>\nUna vez que se encuentre habilitado el link de inscripci\u00f3n, adem\u00e1s de ingresar los datos personales, deber\u00e1n tener a mano los siguientes archivos:<\/p>\n<p><strong>Colonia convencional<\/strong><br \/>\nFicha de Antecedentes sanitarios completa y firmada en frente y dorso por el padre\/madre\/tutor responsable. (Deber\u00e1n descargarla, completarla y subirla.)<br \/>\nDNI del padre, madre y\/o tutor\/a (Formato JPGE \/ PDF)<br \/>\nDNI del ni\u00f1o o ni\u00f1a (Formato JPGE \/ PDF)<br \/>\nDe no poseer DNI, se deber\u00e1 subir documentaci\u00f3n escaneada que acredite el v\u00ednculo (por ejemplo, certificado de inicio del tr\u00e1mite de DNI o partida de nacimiento, en formato PDF).<\/p>\n<p><strong>Colonia para personas con Discapacidad:<\/strong><br \/>\nDNI del ni\u00f1o o ni\u00f1a (frente y dorso)<br \/>\nDNI del padre, madre o tutor\/a (frente y dorso)<br \/>\nCertificado de discapacidad<br \/>\nApto f\u00edsico<\/p>\n<p><strong>Tambi\u00e9n deb\u00e9s descargar, completar y volver a cargar:<\/strong><br \/>\nConductas y h\u00e1bitos: https:\/\/www.buenosaires.gob.ar\/sites\/gcaba\/files\/conductas_y_habitos.pdf<br \/>\nFicha m\u00e9dica: https:\/\/www.buenosaires.gob.ar\/sites\/gcaba\/files\/ficha_medica_deporte_adaptado.pdf<br \/>\nAutorizaci\u00f3n: https:\/\/www.buenosaires.gob.ar\/sites\/gcaba\/files\/autorizacion_colonia_adaptada.pdf<br \/>\nReglamento General de Admisi\u00f3n:https:\/\/www.buenosaires.gob.ar\/sites\/gcaba\/files\/reglamento_deporte_adaptado.pdf<\/p>\n<p><strong>Qu\u00e9 cosas no pueden faltar en la mochila de tu nene\/a<\/strong><br \/>\nProtector solar (lo ideal es que le pongas antes de ingresar a la colonia, durante el d\u00eda el profesor\/a le har\u00e1 un refuerzo), repelente de mosquitos (lo mismo que con el protector solar), muda de ropa por si se ensucian, ojotas, toallas, gorra de pileta para ni\u00f1as y ni\u00f1os de cabello largo, gorro para el sol. Tu hijo\/a debe ingresar a la colonia siempre con zapatillas. Pueden llevar su propio vaso tambi\u00e9n o botellita para hidrataci\u00f3n personal.<\/p>\n<p><strong>C\u00f3mo hacer para que nada se pierda<\/strong><br \/>\nTodas las pertenencias de tu hijo deben estar etiquetadas con su nombre y apellido.<\/p>\n<p><strong>Qu\u00e9 cosas no tiene que llevar tu nene a la Colonia<\/strong><br \/>\nAparatos electr\u00f3nicos (celulares, tablets, etc), alimentos, bebidas. Tanto la comida, como la hidrataci\u00f3n son provistas por las colonias.<\/p>\n<p><strong>Y si cumple a\u00f1os<\/strong><br \/>\nS\u00f3lo podr\u00e1 traer golosinas para repartir con sus amigos.<\/p>\n<p><strong>Colonia para personas con discapacidad<\/strong><br \/>\nTambi\u00e9n es totalmente gratuita y est\u00e1 dirigida a personas de ambos sexos de todas las edades (con el requisito de tener el control de esf\u00ednteres) que tengan alguna discapacidad, ya sea motora, sensorial y\/o mental. Adem\u00e1s de las propuestas deportivas y recreativas, los colonos reciben desayuno, almuerzo y merienda.<\/p>\n<p><strong>Sedes<\/strong><br \/>\nParque Sarmiento: Av. R. Balb\u00edn 4750 Tel: 4547-0882<br \/>\nPolideportivo Avellaneda: Lacarra 1257 Tel: 4671-5932<br \/>\nPolideportivo Chacabuco: Av. Eva Per\u00f3n 1410 Tel: 4921- 5776<br \/>\nPolideportivo Patricios: Pepiri 135 Tel: 4911-4642<br \/>\nParque Manuel Belgrano: Jer\u00f3nimo Salguero 3450. Tel: 4807-7700<\/p>\n<p><strong>Contacto<\/strong><br \/>\nPara mayor informaci\u00f3n, abrimos la siguiente v\u00eda de contacto, que se suma a los canales habituales de comunicaci\u00f3n de la Subsecretar\u00eda de Deportes:<br \/>\nDirecci\u00f3n: Av. Mart\u00edn Garc\u00eda 456, Edificio Cruz de Malta.<br \/>\nD\u00edas y horario de atenci\u00f3n: de 9 a 15 horas.<br \/>\nTel\u00e9fono: 4010-0300 internos 2028 \u2013 2026.<\/p>\n<p><strong>Mail: coloniadeportesba@gmail.com<\/strong><br \/>\n<strong>Sitio web\u00a0 \u00a0Instagram ,Facebook , Twitter ,Youtube<\/strong><\/p>\n","protected":false},"excerpt":{"rendered":"<p>Llega la \u00e9poca m\u00e1s divertida del a\u00f1o. Es que vuelven las Colonias Deportivas de la Ciudad, el programa que a\u00f1o a a\u00f1o re\u00fane a m\u00e1s de 20.000 ni\u00f1os y ni\u00f1as de la Ciudad. La novedad de esta edici\u00f3n es que se extender\u00e1 hasta el viernes 3 de febrero. La propuesta vuelve a ser totalmente gratuita, [&hellip;]<\/p>\n","protected":false},"author":2,"featured_media":41439,"comment_status":"open","ping_status":"open","sticky":false,"template":"","format":"standard","meta":{"_et_pb_use_builder":"","_et_pb_old_content":"","_et_gb_content_width":"","footnotes":""},"categories":[11,33],"tags":[],"class_list":["post-41438","post","type-post","status-publish","format-standard","has-post-thumbnail","hentry","category-ciudad","category-sociedad-y-cultura-2"],"_links":{"self":[{"href":"https:\/\/vocesdebaires.com.ar\/index.php\/wp-json\/wp\/v2\/posts\/41438"}],"collection":[{"href":"https:\/\/vocesdebaires.com.ar\/index.php\/wp-json\/wp\/v2\/posts"}],"about":[{"href":"https:\/\/vocesdebaires.com.ar\/index.php\/wp-json\/wp\/v2\/types\/post"}],"author":[{"embeddable":true,"href":"https:\/\/vocesdebaires.com.ar\/index.php\/wp-json\/wp\/v2\/users\/2"}],"replies":[{"embeddable":true,"href":"https:\/\/vocesdebaires.com.ar\/index.php\/wp-json\/wp\/v2\/comments?post=41438"}],"version-history":[{"count":1,"href":"https:\/\/vocesdebaires.com.ar\/index.php\/wp-json\/wp\/v2\/posts\/41438\/revisions"}],"predecessor-version":[{"id":41440,"href":"https:\/\/vocesdebaires.com.ar\/index.php\/wp-json\/wp\/v2\/posts\/41438\/revisions\/41440"}],"wp:featuredmedia":[{"embeddable":true,"href":"https:\/\/vocesdebaires.com.ar\/index.php\/wp-json\/wp\/v2\/media\/41439"}],"wp:attachment":[{"href":"https:\/\/vocesdebaires.com.ar\/index.php\/wp-json\/wp\/v2\/media?parent=41438"}],"wp:term":[{"taxonomy":"category","embeddable":true,"href":"https:\/\/vocesdebaires.com.ar\/index.php\/wp-json\/wp\/v2\/categories?post=41438"},{"taxonomy":"post_tag","embeddable":true,"href":"https:\/\/vocesdebaires.com.ar\/index.php\/wp-json\/wp\/v2\/tags?post=41438"}],"curies":[{"name":"wp","href":"https:\/\/api.w.org\/{rel}","templated":true}]}}