{"id":41446,"date":"2022-11-24T01:10:50","date_gmt":"2022-11-24T04:10:50","guid":{"rendered":"https:\/\/vocesdebaires.com.ar\/?p=41446"},"modified":"2022-11-24T01:10:50","modified_gmt":"2022-11-24T04:10:50","slug":"la-comunidad-medica-platense-marcharan-al-ministerio-de-salud","status":"publish","type":"post","link":"https:\/\/vocesdebaires.com.ar\/index.php\/2022\/11\/24\/la-comunidad-medica-platense-marcharan-al-ministerio-de-salud\/","title":{"rendered":"La comunidad m\u00e9dica platense marchar\u00e1n al Ministerio de Salud"},"content":{"rendered":"<p>La Asociaci\u00f3n de Profesionales del Hospital de Ni\u00f1os de La Plata llevar\u00e1 a cabo el tercer abrazo y caminata al Ministerio de Salud el pr\u00f3ximo jueves 1 de diciembre a las 9,30 horas debido a la falta de respuesta de las autoridades. Habr\u00e1 tres puntos de encuentro: la puerta del hospital, a lo largo de calle 12 y el Ministerio de Salud. Est\u00e1 vez, los m\u00e9dicos hicieron extensiva la invitaci\u00f3n a toda la sociedad, pacientes, familiares de ni\u00f1os internados para que los acompa\u00f1en a marchar o a unirse en los distintos puntos mencionados.<\/p>\n<p>Desde la Asociaci\u00f3n de Profesionales indicaron que la decisi\u00f3n de salir a caminar las calles nuevamente se debe a la falta de respuesta no s\u00f3lo de las notas enviadas a Gobernaci\u00f3n, sino tambi\u00e9n al pedido de audiencia con alg\u00fan asesor o el Ministro Salud, que nunca se concret\u00f3. La Dra. Zulma Fern\u00e1ndez (MP 19409 ), presidenta de la Asociaci\u00f3n dijo que \u201cante el silencio alarmante por parte de las autoridades decidimos salir a la calle nuevamente con toda la comunidad hospitalaria Ley 10430, Ley 10471 y tambi\u00e9n con la poblaci\u00f3n que se quiera ir uniendo. Todo esto se va a dar en un marco familiar de armon\u00eda como nos caracteriza al mundo de la pediatr\u00eda.<\/p>\n<p>Personalmente le he pedido al gobernador por medio de varias cartas que nos reciba, que nos escuche, que somos m\u00e9dicos que estamos solicitando arreglos edilicios, aparatolog\u00eda nueva y reparaciones para poder seguir atendiendo las necesidades de los ni\u00f1os de la provincia de Buenos Aires. No pierdo las esperanzas que nos reciba, pero mientras tanto debemos seguir solicitando como m\u00ednimo un salario que sea igualitario tanto para m\u00e9dicos de Capital Federal como para los de La Plata.<\/p>\n<p>Tienen que entender que un m\u00e9dico de planta, un Jefe de \u00c1rea, no puede ganar 140 mil pesos en provincia y cruzando la Autopista y llegando a Capital ese sueldo se duplique. Lo \u00fanico que siguen incentivando es que los m\u00e9dicos abandonen los hospitales escuelas con el temor que eso nos genera por ejemplo en e Hospital de Ni\u00f1os, ya que eso nos har\u00eda perder la complejidad que siempre tuvimos adem\u00e1s de formar a los mejores profesionales del pa\u00eds. Pero mucho m\u00e1s importante es que nuestro t\u00edtulo de m\u00e9dicos valga m\u00e1s en Capital\u201d. destac\u00f3 Fern\u00e1ndez.<\/p>\n","protected":false},"excerpt":{"rendered":"<p>La Asociaci\u00f3n de Profesionales del Hospital de Ni\u00f1os de La Plata llevar\u00e1 a cabo el tercer abrazo y caminata al Ministerio de Salud el pr\u00f3ximo jueves 1 de diciembre a las 9,30 horas debido a la falta de respuesta de las autoridades. Habr\u00e1 tres puntos de encuentro: la puerta del hospital, a lo largo de [&hellip;]<\/p>\n","protected":false},"author":3,"featured_media":41447,"comment_status":"open","ping_status":"open","sticky":false,"template":"","format":"standard","meta":{"_et_pb_use_builder":"","_et_pb_old_content":"","_et_gb_content_width":"","footnotes":""},"categories":[34,13],"tags":[],"class_list":["post-41446","post","type-post","status-publish","format-standard","has-post-thumbnail","hentry","category-politica","category-provincia"],"_links":{"self":[{"href":"https:\/\/vocesdebaires.com.ar\/index.php\/wp-json\/wp\/v2\/posts\/41446"}],"collection":[{"href":"https:\/\/vocesdebaires.com.ar\/index.php\/wp-json\/wp\/v2\/posts"}],"about":[{"href":"https:\/\/vocesdebaires.com.ar\/index.php\/wp-json\/wp\/v2\/types\/post"}],"author":[{"embeddable":true,"href":"https:\/\/vocesdebaires.com.ar\/index.php\/wp-json\/wp\/v2\/users\/3"}],"replies":[{"embeddable":true,"href":"https:\/\/vocesdebaires.com.ar\/index.php\/wp-json\/wp\/v2\/comments?post=41446"}],"version-history":[{"count":1,"href":"https:\/\/vocesdebaires.com.ar\/index.php\/wp-json\/wp\/v2\/posts\/41446\/revisions"}],"predecessor-version":[{"id":41448,"href":"https:\/\/vocesdebaires.com.ar\/index.php\/wp-json\/wp\/v2\/posts\/41446\/revisions\/41448"}],"wp:featuredmedia":[{"embeddable":true,"href":"https:\/\/vocesdebaires.com.ar\/index.php\/wp-json\/wp\/v2\/media\/41447"}],"wp:attachment":[{"href":"https:\/\/vocesdebaires.com.ar\/index.php\/wp-json\/wp\/v2\/media?parent=41446"}],"wp:term":[{"taxonomy":"category","embeddable":true,"href":"https:\/\/vocesdebaires.com.ar\/index.php\/wp-json\/wp\/v2\/categories?post=41446"},{"taxonomy":"post_tag","embeddable":true,"href":"https:\/\/vocesdebaires.com.ar\/index.php\/wp-json\/wp\/v2\/tags?post=41446"}],"curies":[{"name":"wp","href":"https:\/\/api.w.org\/{rel}","templated":true}]}}