{"id":41455,"date":"2022-11-24T01:20:57","date_gmt":"2022-11-24T04:20:57","guid":{"rendered":"https:\/\/vocesdebaires.com.ar\/?p=41455"},"modified":"2022-11-24T01:20:57","modified_gmt":"2022-11-24T04:20:57","slug":"la-ciudad-celebro-el-dia-de-la-cultura-emprendedora","status":"publish","type":"post","link":"https:\/\/vocesdebaires.com.ar\/index.php\/2022\/11\/24\/la-ciudad-celebro-el-dia-de-la-cultura-emprendedora\/","title":{"rendered":"La Ciudad celebr\u00f3 el D\u00eda de la Cultura Emprendedora"},"content":{"rendered":"<p>En el evento, que se llev\u00f3 a cabo en el Centro Metropolitano de Dise\u00f1o (CMD), los emprendedores tambi\u00e9n pudieron participar de la jornada colaborativa: comunidad Pacto Emprendedor, y hubo stands fijos de programas de Gobierno como BA Multiplica y BA-CSIRT; empresas como Puentec y Conextube; y emprendedores como NoBac (uno de los 5 incubados finalistas del premio Sancor Seguros). La jornada fue organizada por el Ministerio de Desarrollo Econ\u00f3mico y Producci\u00f3n, a trav\u00e9s de la Direcci\u00f3n General de Emprendedores. Jos\u00e9 Luis Giusti, ministro de Desarrollo Econ\u00f3mico y Producci\u00f3n, y Federico Saravia, director general de Emprendedores, estuvieron a cargo del acto de apertura.<\/p>\n<p>\u201cQueremos darles las herramientas necesarias para apoyarlos, porque entendemos que son el futuro del trabajo\u201d, subray\u00f3 Giusti, en la 11\u00b0 edici\u00f3n del D\u00eda de la Cultura Emprendedora que, en esta ocasi\u00f3n, coincidi\u00f3 con la Semana Global del Emprendedurismo.En el contexto del evento, el grupo Sancor Seguros entreg\u00f3, conjuntamente con la Delegaci\u00f3n de Asociaciones Israelitas Argentinas (DAIA), un premio de 10 mil d\u00f3lares al emprendimiento Fracking Design, proyecto que se basa en recuperar bolsones de arena desechados en procesos petroleros de fracking para confeccionar bolsos, carteras y otros productos de marroquiner\u00eda premium. \u201cYa hay m\u00e1s de 45 familias involucradas en el proceso productivo\u201d, destac\u00f3 Ornela Basilotta, una de las l\u00edderes y fundadoras de la marca.<\/p>\n<p>Asimismo, la Legislatura de la Ciudad entreg\u00f3 premios a los Emprendedores del a\u00f1o, en los rubros tecnol\u00f3gico y cient\u00edfico; desarrollo econ\u00f3mico; y ambiental y sustentable. Adem\u00e1s, los asistentes pudieron participar en espacios de networking, en charlas con referentes del sector, en distintos workshops y en conversatorios, de los cuales destacaron las Rondas de Vinculaciones Mujeres por la Ciencia y Emprender en el Mundo Blockchain. A su vez, hubo tambi\u00e9n stands de universidades invitadas que brindaron informaci\u00f3n sobre su oferta acad\u00e9mica, como la Universidad Abierta Interamericana (UAI), la Universidad del Centro de Estudios Macroecon\u00f3micos Argentina (UCEMA), la Universidad de Ciencias Empresariales y Sociales (UCES), y la Universidad de Lan\u00fas (UNLA).<\/p>\n<p>Tambi\u00e9n estuvieron presentes los actores del Circuito Emprendedor del Centro Metropolitano de Dise\u00f1o: la C\u00e1mara de los Fabricantes de Muebles (CAFyDMA), la C\u00e1mara Industrial de Manufacturas del Cuero (CIMA), la Cooperativa San Cayetano y el emprendimiento Cosiendo Redes. La jornada cont\u00f3 incluso con un espacio l\u00fadico, con drones y juegos interactivos, y hasta una sala de escape donde los asistentes deb\u00edan poner a prueba sus habilidades emprendedoras, dentro del espacio BA Laboratorio Tecnol\u00f3gico, donde tambi\u00e9n se pod\u00eda incurrir en prototipado, modelado e impresi\u00f3n 3D.<\/p>\n","protected":false},"excerpt":{"rendered":"<p>En el evento, que se llev\u00f3 a cabo en el Centro Metropolitano de Dise\u00f1o (CMD), los emprendedores tambi\u00e9n pudieron participar de la jornada colaborativa: comunidad Pacto Emprendedor, y hubo stands fijos de programas de Gobierno como BA Multiplica y BA-CSIRT; empresas como Puentec y Conextube; y emprendedores como NoBac (uno de los 5 incubados finalistas [&hellip;]<\/p>\n","protected":false},"author":2,"featured_media":41456,"comment_status":"open","ping_status":"open","sticky":false,"template":"","format":"standard","meta":{"_et_pb_use_builder":"","_et_pb_old_content":"","_et_gb_content_width":"","footnotes":""},"categories":[11,33],"tags":[],"class_list":["post-41455","post","type-post","status-publish","format-standard","has-post-thumbnail","hentry","category-ciudad","category-sociedad-y-cultura-2"],"_links":{"self":[{"href":"https:\/\/vocesdebaires.com.ar\/index.php\/wp-json\/wp\/v2\/posts\/41455"}],"collection":[{"href":"https:\/\/vocesdebaires.com.ar\/index.php\/wp-json\/wp\/v2\/posts"}],"about":[{"href":"https:\/\/vocesdebaires.com.ar\/index.php\/wp-json\/wp\/v2\/types\/post"}],"author":[{"embeddable":true,"href":"https:\/\/vocesdebaires.com.ar\/index.php\/wp-json\/wp\/v2\/users\/2"}],"replies":[{"embeddable":true,"href":"https:\/\/vocesdebaires.com.ar\/index.php\/wp-json\/wp\/v2\/comments?post=41455"}],"version-history":[{"count":1,"href":"https:\/\/vocesdebaires.com.ar\/index.php\/wp-json\/wp\/v2\/posts\/41455\/revisions"}],"predecessor-version":[{"id":41457,"href":"https:\/\/vocesdebaires.com.ar\/index.php\/wp-json\/wp\/v2\/posts\/41455\/revisions\/41457"}],"wp:featuredmedia":[{"embeddable":true,"href":"https:\/\/vocesdebaires.com.ar\/index.php\/wp-json\/wp\/v2\/media\/41456"}],"wp:attachment":[{"href":"https:\/\/vocesdebaires.com.ar\/index.php\/wp-json\/wp\/v2\/media?parent=41455"}],"wp:term":[{"taxonomy":"category","embeddable":true,"href":"https:\/\/vocesdebaires.com.ar\/index.php\/wp-json\/wp\/v2\/categories?post=41455"},{"taxonomy":"post_tag","embeddable":true,"href":"https:\/\/vocesdebaires.com.ar\/index.php\/wp-json\/wp\/v2\/tags?post=41455"}],"curies":[{"name":"wp","href":"https:\/\/api.w.org\/{rel}","templated":true}]}}