{"id":41458,"date":"2022-11-24T01:24:29","date_gmt":"2022-11-24T04:24:29","guid":{"rendered":"https:\/\/vocesdebaires.com.ar\/?p=41458"},"modified":"2022-11-24T01:24:29","modified_gmt":"2022-11-24T04:24:29","slug":"de-interes-a-la-ciudad11-j-cuba-nos-quitamos-el-ropaje-de-silencio","status":"publish","type":"post","link":"https:\/\/vocesdebaires.com.ar\/index.php\/2022\/11\/24\/de-interes-a-la-ciudad11-j-cuba-nos-quitamos-el-ropaje-de-silencio\/","title":{"rendered":"De inter\u00e9s a la ciudad:\u00bb11 J Cuba nos quitamos el ropaje de silencio\u00bb"},"content":{"rendered":"<p>En la Legislatura, los legisladores porte\u00f1os declararon de Inter\u00e9s para la Promoci\u00f3n y Defensa de los Derechos Humanos de la Ciudad Aut\u00f3noma de Buenos Aires a la muestra \u00ab11 J Cuba: nos quitamos el ropaje de silencio\u00bb; y a su vez se inaugur\u00f3 dicha puesta. El acto se celebr\u00f3 en el sal\u00f3n Presidente Per\u00f3n y cont\u00f3 con la presencia del legislador y autor del proyecto Claudio Romero (VJ), el curador Luis Alberto Mari\u00f1o y el director de Transparencia Electoral Jes\u00fas Delgado. A su vez, se realiz\u00f3 un homenaje al artista Luis Manuel Otero Alc\u00e1ntara.<\/p>\n<p>\u201cEs importante desde la Legislatura darles esta distinci\u00f3n y hacer visible lo que muchas veces no es visible. Y que sea una forma de empujar para que podamos alguna vez restablecer en la isla los derechos humanos, las garant\u00edas, la libertad de expresi\u00f3n, de prensa, de pensar distinto y fundamentalmente la libertad de elegir y de la democracia\u201d, sentenci\u00f3 Romero. Y agradeci\u00f3 al pueblo a aquellos que hacen posible que \u201cse muestre el coraje y la voluntad\u201d del pueblo cubano. Luego, Mari\u00f1o rememor\u00f3 el 11 de julio del 2021, fecha en la que miles de cubanos salieron a protestar y exigir por un cambio en sus condiciones de vida.<\/p>\n<p>\u201cHoy estamos viendo que m\u00e1s de centenares de personas que salieron a las calles est\u00e1n presas\u201d, critic\u00f3. Y cerr\u00f3: \u201cdebemos difundir los valores de la democracia y de la libertad de expresi\u00f3n porque a veces damos por sentado que es algo com\u00fan y lamentablemente hay lugares donde no est\u00e1n\u201d. En el final, Delgado valor\u00f3 \u201cel compromiso que ha mostrado la Legislatura y la Ciudad de Buenos Aires con los Derechos Humanos\u201d. Tambi\u00e9n calific\u00f3 a la muestra como \u201cun tributo\u201d a todas las personas que \u201ctodav\u00eda est\u00e1n en c\u00e1rceles por el simple hecho de manifestar, de exigir el respeto a sus derechos\u201d. Y concluy\u00f3 con que los derechos humanos son universales.<\/p>\n<p>La muestra surge a ra\u00edz de la labor realizada por el grupo \u00ab\u00c1nima\u00bb, un colectivo de artistas, investigadores, cr\u00edticos y curadores de arte interesados en indagar en la construcci\u00f3n de la memoria en Cuba. Llevando de forma paralela peque\u00f1as investigaciones personales y din\u00e1micas grupales de acompa\u00f1amiento y socializaci\u00f3n. El objetivo de la exhibici\u00f3n no s\u00f3lo se centra en el pasado, sino tambi\u00e9n en visibilizar espacios y acontecimientos cruciales dentro de la cultura cubana actual, en mostrar las violaciones sistem\u00e1ticas a los derechos humanos y la falta de libertad de expresi\u00f3n mediante las obras expuestas. Las mismas se pueden visitar desde el 22 de noviembre y hasta el pr\u00f3ximo 2 de diciembre, en el Hall de la Plata Baja de la Legislatura.<\/p>\n","protected":false},"excerpt":{"rendered":"<p>En la Legislatura, los legisladores porte\u00f1os declararon de Inter\u00e9s para la Promoci\u00f3n y Defensa de los Derechos Humanos de la Ciudad Aut\u00f3noma de Buenos Aires a la muestra \u00ab11 J Cuba: nos quitamos el ropaje de silencio\u00bb; y a su vez se inaugur\u00f3 dicha puesta. El acto se celebr\u00f3 en el sal\u00f3n Presidente Per\u00f3n y [&hellip;]<\/p>\n","protected":false},"author":2,"featured_media":41459,"comment_status":"open","ping_status":"open","sticky":false,"template":"","format":"standard","meta":{"_et_pb_use_builder":"","_et_pb_old_content":"","_et_gb_content_width":"","footnotes":""},"categories":[11,33],"tags":[],"class_list":["post-41458","post","type-post","status-publish","format-standard","has-post-thumbnail","hentry","category-ciudad","category-sociedad-y-cultura-2"],"_links":{"self":[{"href":"https:\/\/vocesdebaires.com.ar\/index.php\/wp-json\/wp\/v2\/posts\/41458"}],"collection":[{"href":"https:\/\/vocesdebaires.com.ar\/index.php\/wp-json\/wp\/v2\/posts"}],"about":[{"href":"https:\/\/vocesdebaires.com.ar\/index.php\/wp-json\/wp\/v2\/types\/post"}],"author":[{"embeddable":true,"href":"https:\/\/vocesdebaires.com.ar\/index.php\/wp-json\/wp\/v2\/users\/2"}],"replies":[{"embeddable":true,"href":"https:\/\/vocesdebaires.com.ar\/index.php\/wp-json\/wp\/v2\/comments?post=41458"}],"version-history":[{"count":1,"href":"https:\/\/vocesdebaires.com.ar\/index.php\/wp-json\/wp\/v2\/posts\/41458\/revisions"}],"predecessor-version":[{"id":41460,"href":"https:\/\/vocesdebaires.com.ar\/index.php\/wp-json\/wp\/v2\/posts\/41458\/revisions\/41460"}],"wp:featuredmedia":[{"embeddable":true,"href":"https:\/\/vocesdebaires.com.ar\/index.php\/wp-json\/wp\/v2\/media\/41459"}],"wp:attachment":[{"href":"https:\/\/vocesdebaires.com.ar\/index.php\/wp-json\/wp\/v2\/media?parent=41458"}],"wp:term":[{"taxonomy":"category","embeddable":true,"href":"https:\/\/vocesdebaires.com.ar\/index.php\/wp-json\/wp\/v2\/categories?post=41458"},{"taxonomy":"post_tag","embeddable":true,"href":"https:\/\/vocesdebaires.com.ar\/index.php\/wp-json\/wp\/v2\/tags?post=41458"}],"curies":[{"name":"wp","href":"https:\/\/api.w.org\/{rel}","templated":true}]}}