{"id":4146,"date":"2019-12-27T03:14:51","date_gmt":"2019-12-27T06:14:51","guid":{"rendered":"http:\/\/vocesdebaires.com.ar\/wordpress\/index.php\/2019\/12\/27\/la-boca-declarese-emergencia-urbanistica\/"},"modified":"2019-12-27T03:14:51","modified_gmt":"2019-12-27T06:14:51","slug":"la-boca-declarese-emergencia-urbanistica","status":"publish","type":"post","link":"https:\/\/vocesdebaires.com.ar\/index.php\/2019\/12\/27\/la-boca-declarese-emergencia-urbanistica\/","title":{"rendered":"La Boca: decl\u00e1rese emergencia urban\u00edstica"},"content":{"rendered":"<p>La titular del Juzgado N\u00b01 en lo Contencioso Administrativo y Tributario de la Ciudad de Buenos Aires, Romina Tesone, dispuso difundir la existencia, objeto y estado procesal del amparo colectivo caratulado Quinto, Natalia Gimena y otros contra GCBA y otros sobre amparo\u00a0 habilitaciones, Expte. N\u00b012809\/2019-0. El objeto es el siguiente: Se proceda a la ejecuci\u00f3n e implementaci\u00f3n de la ley 2240 de Declaraci\u00f3n de Emergencia Urban\u00edstica y Ambiental del Barrio de la Boca, dictada en el a\u00f1o 2006, y que se encuentra incumplida pese al largo tiempo transcurrido. Se implemente con car\u00e1cter urgente proyectos y programas espec\u00edficos en los aspectos declarados de emergencia, en cumplimiento con lo establecido por el art. 2 de la ley 2240.<\/p>\n<p>Asimismo, se ordene presentar un plan sobre las intervenciones a realizar sobre inmuebles ociosos privados, para lograr su integraci\u00f3n y puesta en valor social, de conformidad con lo previsto en el art. 3 de la mentada ley. Se cumpla con el art. 29 de la ley 4353 del Distrito de las Artes, norma sancionada en el a\u00f1o 2012-, en cuanto ordena desplegar acciones para atender a las situaciones de vulnerabilidad social en el mentado Distrito. A su vez, se inform\u00f3 que la parte demandada es: El Gobierno de la Ciudad Aut\u00f3noma de Buenos Aires y el Instituto de la Vivienda de la Ciudad (IVC). En cuanto al estado procesal, se hace saber que con fecha 19 de diciembre de 2019 se orden\u00f3 correr traslado de la demanda. Por \u00faltimo, Tesone orden\u00f3 su publicaci\u00f3n por el t\u00e9rmino de diez (10) d\u00edas en esta p\u00e1gina web e inform\u00f3 que -en el plazo de diez (10) d\u00edas a partir de la toma de conocimiento de lo aqu\u00ed dispuesto, podr\u00e1n presentarse en autos a los efectos de intervenir en el proceso y que el expediente se encuentra disponible para su consulta en la Secretar\u00eda del Juzgado.<\/p>\n","protected":false},"excerpt":{"rendered":"<p>La titular del Juzgado N\u00b01 en lo Contencioso Administrativo y Tributario de la Ciudad de Buenos Aires, Romina Tesone, dispuso difundir la existencia, objeto y estado procesal del amparo colectivo caratulado Quinto, Natalia Gimena y otros contra GCBA y otros sobre amparo\u00a0 habilitaciones, Expte. N\u00b012809\/2019-0. El objeto es el siguiente: Se proceda a la ejecuci\u00f3n [&hellip;]<\/p>\n","protected":false},"author":1,"featured_media":4147,"comment_status":"open","ping_status":"open","sticky":false,"template":"","format":"standard","meta":{"_et_pb_use_builder":"","_et_pb_old_content":"","_et_gb_content_width":"","footnotes":""},"categories":[11,33],"tags":[],"class_list":["post-4146","post","type-post","status-publish","format-standard","has-post-thumbnail","hentry","category-ciudad","category-sociedad-y-cultura-2"],"_links":{"self":[{"href":"https:\/\/vocesdebaires.com.ar\/index.php\/wp-json\/wp\/v2\/posts\/4146"}],"collection":[{"href":"https:\/\/vocesdebaires.com.ar\/index.php\/wp-json\/wp\/v2\/posts"}],"about":[{"href":"https:\/\/vocesdebaires.com.ar\/index.php\/wp-json\/wp\/v2\/types\/post"}],"author":[{"embeddable":true,"href":"https:\/\/vocesdebaires.com.ar\/index.php\/wp-json\/wp\/v2\/users\/1"}],"replies":[{"embeddable":true,"href":"https:\/\/vocesdebaires.com.ar\/index.php\/wp-json\/wp\/v2\/comments?post=4146"}],"version-history":[{"count":0,"href":"https:\/\/vocesdebaires.com.ar\/index.php\/wp-json\/wp\/v2\/posts\/4146\/revisions"}],"wp:featuredmedia":[{"embeddable":true,"href":"https:\/\/vocesdebaires.com.ar\/index.php\/wp-json\/wp\/v2\/media\/4147"}],"wp:attachment":[{"href":"https:\/\/vocesdebaires.com.ar\/index.php\/wp-json\/wp\/v2\/media?parent=4146"}],"wp:term":[{"taxonomy":"category","embeddable":true,"href":"https:\/\/vocesdebaires.com.ar\/index.php\/wp-json\/wp\/v2\/categories?post=4146"},{"taxonomy":"post_tag","embeddable":true,"href":"https:\/\/vocesdebaires.com.ar\/index.php\/wp-json\/wp\/v2\/tags?post=4146"}],"curies":[{"name":"wp","href":"https:\/\/api.w.org\/{rel}","templated":true}]}}