{"id":41461,"date":"2022-11-24T01:29:46","date_gmt":"2022-11-24T04:29:46","guid":{"rendered":"https:\/\/vocesdebaires.com.ar\/?p=41461"},"modified":"2022-11-24T01:31:01","modified_gmt":"2022-11-24T04:31:01","slug":"legislatura-homenajearon-a-la-ingeniera-quimifica-margarita-esterman","status":"publish","type":"post","link":"https:\/\/vocesdebaires.com.ar\/index.php\/2022\/11\/24\/legislatura-homenajearon-a-la-ingeniera-quimifica-margarita-esterman\/","title":{"rendered":"Legislatura: Homenajearon  a la ingeniera qu\u00edmica M- Esterman"},"content":{"rendered":"<p>En el transcurso de esta tarde, el Cuerpo Legislativo homenaje\u00f3 a la ingeniera qu\u00edmica Margarita Esterman. El acto y entrega de diploma se llev\u00f3 a cabo en el Sal\u00f3n San Mart\u00edn y cont\u00f3 con la presencia de la legisladora y autora del proyecto Mar\u00eda Luisa Gonz\u00e1lez Estevarena (VJ), el director de la carrera de Ingenier\u00eda en Petr\u00f3leo de la Universidad de Buenos Aires (UBA) Eduardo Carrone y la homenajeada.\u201cRecibir en esta Legislatura a la ingeniera Margarita Esterman, como mujer y como diputada es un gran honor para m\u00ed\u201d, comenz\u00f3 la legisladora en las alocuciones.<\/p>\n<p>Luego repas\u00f3 gran parte de la carrera de la homenajeada y resalt\u00f3: \u201ccon tes\u00f3n y conocimiento profesional, contribuy\u00f3 a desarrollar empresas de energ\u00eda necesarias para el desarrollo y el crecimiento de otras industrias\u201d. Luego, Esterman agradeci\u00f3 a la Legislatura, a la diputada Gonz\u00e1lez Estevarena, colegas, familiares y amigos. \u201cLa sociedad ya est\u00e1 lista para que las mujeres formemos parte de otra manera. Y est\u00e1 en las mujeres tomar la bandera y decir que nos atrevemos y ocupar esos lugares\u201d, subray\u00f3 la ingeniera. Y abog\u00f3 por la aceptaci\u00f3n de \u201clo diferente\u201d para hacer un mundo mejor.<\/p>\n<p>Por \u00faltimo, Carrone rememor\u00f3 c\u00f3mo conoci\u00f3 a Esterman. Tambi\u00e9n record\u00f3 el paso de la ingeniera en Tecna Argentina: \u201cse enriqueci\u00f3 con la diversidad, gestion\u00f3 proyectos, particip\u00f3 en actividades innovadoras y lider\u00f3 equipos de trabajo de excelencia\u201d. Y concluy\u00f3: \u201ces una apasionada por resolver problemas, alguien que hace simple lo que para muchos es algo dif\u00edcil, alguien con encanto, color, con solidez y tenacidad.<\/p>\n<p>Margarita Esterman egres\u00f3 de la Universidad de Buenos Aires, donde particip\u00f3 tambi\u00e9n como docente en el Posgrado de Gas. A su vez realiz\u00f3 posgrados en el \u00e1rea de Procesamiento y Tratamiento de Gas y Petr\u00f3leo en Estados Unidos y en el \u00e1rea de la Direcci\u00f3n de Negocios en la Universidad Austral. Por otro lado, fue panelista en numerosos encuentros profesionales tanto en la Argentina como en el exterior; y directora ejecutiva de Tecna Argentina, Flargent SA y Grupo Medanito. Actualmente es miembro del Comit\u00e9 Ejecutivo de la C\u00e1mara de Empresas Productoras de Hidrocarburos, miembro del Comit\u00e9 Ejecutivo del Instituto Argentino del Petr\u00f3leo y del Gas y directora ejecutiva de Spark Energy Solutions.<\/p>\n","protected":false},"excerpt":{"rendered":"<p>En el transcurso de esta tarde, el Cuerpo Legislativo homenaje\u00f3 a la ingeniera qu\u00edmica Margarita Esterman. El acto y entrega de diploma se llev\u00f3 a cabo en el Sal\u00f3n San Mart\u00edn y cont\u00f3 con la presencia de la legisladora y autora del proyecto Mar\u00eda Luisa Gonz\u00e1lez Estevarena (VJ), el director de la carrera de Ingenier\u00eda [&hellip;]<\/p>\n","protected":false},"author":2,"featured_media":41462,"comment_status":"open","ping_status":"open","sticky":false,"template":"","format":"standard","meta":{"_et_pb_use_builder":"","_et_pb_old_content":"","_et_gb_content_width":"","footnotes":""},"categories":[11,33],"tags":[],"class_list":["post-41461","post","type-post","status-publish","format-standard","has-post-thumbnail","hentry","category-ciudad","category-sociedad-y-cultura-2"],"_links":{"self":[{"href":"https:\/\/vocesdebaires.com.ar\/index.php\/wp-json\/wp\/v2\/posts\/41461"}],"collection":[{"href":"https:\/\/vocesdebaires.com.ar\/index.php\/wp-json\/wp\/v2\/posts"}],"about":[{"href":"https:\/\/vocesdebaires.com.ar\/index.php\/wp-json\/wp\/v2\/types\/post"}],"author":[{"embeddable":true,"href":"https:\/\/vocesdebaires.com.ar\/index.php\/wp-json\/wp\/v2\/users\/2"}],"replies":[{"embeddable":true,"href":"https:\/\/vocesdebaires.com.ar\/index.php\/wp-json\/wp\/v2\/comments?post=41461"}],"version-history":[{"count":2,"href":"https:\/\/vocesdebaires.com.ar\/index.php\/wp-json\/wp\/v2\/posts\/41461\/revisions"}],"predecessor-version":[{"id":41464,"href":"https:\/\/vocesdebaires.com.ar\/index.php\/wp-json\/wp\/v2\/posts\/41461\/revisions\/41464"}],"wp:featuredmedia":[{"embeddable":true,"href":"https:\/\/vocesdebaires.com.ar\/index.php\/wp-json\/wp\/v2\/media\/41462"}],"wp:attachment":[{"href":"https:\/\/vocesdebaires.com.ar\/index.php\/wp-json\/wp\/v2\/media?parent=41461"}],"wp:term":[{"taxonomy":"category","embeddable":true,"href":"https:\/\/vocesdebaires.com.ar\/index.php\/wp-json\/wp\/v2\/categories?post=41461"},{"taxonomy":"post_tag","embeddable":true,"href":"https:\/\/vocesdebaires.com.ar\/index.php\/wp-json\/wp\/v2\/tags?post=41461"}],"curies":[{"name":"wp","href":"https:\/\/api.w.org\/{rel}","templated":true}]}}