{"id":41465,"date":"2022-11-24T01:33:24","date_gmt":"2022-11-24T04:33:24","guid":{"rendered":"https:\/\/vocesdebaires.com.ar\/?p=41465"},"modified":"2022-11-24T01:33:24","modified_gmt":"2022-11-24T04:33:24","slug":"larreta-y-acuna-con-estudiantes-de-una-escuela-tecnica","status":"publish","type":"post","link":"https:\/\/vocesdebaires.com.ar\/index.php\/2022\/11\/24\/larreta-y-acuna-con-estudiantes-de-una-escuela-tecnica\/","title":{"rendered":"Larreta y Acu\u00f1a, con estudiantes de una escuela t\u00e9cnica"},"content":{"rendered":"<p>El mejor compromiso que \u00abpodemos asumir con los j\u00f3venes es prepararlos, capacitarlos y acompa\u00f1arlos en sus primeros pasos para que tengan una oportunidad laboral para su futuro\u00bb, dijo hoy Horacio Rodr\u00edguez Larreta. El Jefe de Gobierno porte\u00f1o y la ministra Soledad Acu\u00f1a visitaron esta ma\u00f1ana las instalaciones del Grupo Metropol, una de las m\u00e1s importantes compa\u00f1\u00edas gerenciadoras de transporte p\u00fablico de pasajeros del pa\u00eds.<\/p>\n<p>Durante la recorrida por el taller de la empresa, ubicado en el barrio de Barracas, Rodr\u00edguez Larreta y la titular de Educaci\u00f3n observaron diversas pr\u00e1cticas de electricidad que desarrollaban estudiantes de la Escuela T\u00e9cnica N\u00b0 10 Fray Luis Beltr\u00e1n en el marco del programa de Pr\u00e1cticas Profesionalizantes del Gobierno de la Ciudad. Rodr\u00edguez Larreta se\u00f1al\u00f3 su satisfacci\u00f3n por la marcha de esta experiencia de aproximaci\u00f3n progresiva al campo laboral que orienta y fortalece la formaci\u00f3n t\u00e9cnico-profesional de los estudiantes.<\/p>\n<p>Por su parte, Soledad Acu\u00f1a subray\u00f3 que el programa busca atender una de las principales y m\u00e1s urgente preocupaci\u00f3n de los j\u00f3venes, que es el acceso a una oportunidad de trabajo.<br \/>\n\u201cEl objetivo es que egresen de la escuela preparados para su pr\u00f3xima etapa de la vida. Para que puedan elegir con libertad y construir su propio futuro\u00bb, remarc\u00f3 la ministra. Las pr\u00e1cticas profesionalizantes se enmarcan en la implementaci\u00f3n de los nuevos planes de estudio para la educaci\u00f3n t\u00e9cnico-profesional y cumplen con los requerimientos pedag\u00f3gicos de la Nueva Escuela Secundaria (NES).<\/p>\n<p>Est\u00e1n concebidas como una unidad curricular obligatoria para los sextos a\u00f1os de las escuelas t\u00e9cnicas, excepto en las especialidad de mec\u00e1nica, indumentaria y orfebrer\u00eda, que distribuyen esta carga horaria entre el quinto y sexto a\u00f1o. Los programas de estudio comprenden tres formatos de pr\u00e1cticas.Por un lado la formaci\u00f3n en ambientes productivos, en segundo lugar el armado y dise\u00f1o de proyectos que son desarrollados por los propios estudiantes y tambi\u00e9n una tercera instancia en la que se realizan experiencias de empresa simulada que incluyen la generaci\u00f3n de situaciones productivas reales<\/p>\n<p>FOTO:Juan Cruz Corrado \/GCBA<\/p>\n","protected":false},"excerpt":{"rendered":"<p>El mejor compromiso que \u00abpodemos asumir con los j\u00f3venes es prepararlos, capacitarlos y acompa\u00f1arlos en sus primeros pasos para que tengan una oportunidad laboral para su futuro\u00bb, dijo hoy Horacio Rodr\u00edguez Larreta. El Jefe de Gobierno porte\u00f1o y la ministra Soledad Acu\u00f1a visitaron esta ma\u00f1ana las instalaciones del Grupo Metropol, una de las m\u00e1s importantes [&hellip;]<\/p>\n","protected":false},"author":2,"featured_media":41466,"comment_status":"open","ping_status":"open","sticky":false,"template":"","format":"standard","meta":{"_et_pb_use_builder":"","_et_pb_old_content":"","_et_gb_content_width":"","footnotes":""},"categories":[11,33],"tags":[],"class_list":["post-41465","post","type-post","status-publish","format-standard","has-post-thumbnail","hentry","category-ciudad","category-sociedad-y-cultura-2"],"_links":{"self":[{"href":"https:\/\/vocesdebaires.com.ar\/index.php\/wp-json\/wp\/v2\/posts\/41465"}],"collection":[{"href":"https:\/\/vocesdebaires.com.ar\/index.php\/wp-json\/wp\/v2\/posts"}],"about":[{"href":"https:\/\/vocesdebaires.com.ar\/index.php\/wp-json\/wp\/v2\/types\/post"}],"author":[{"embeddable":true,"href":"https:\/\/vocesdebaires.com.ar\/index.php\/wp-json\/wp\/v2\/users\/2"}],"replies":[{"embeddable":true,"href":"https:\/\/vocesdebaires.com.ar\/index.php\/wp-json\/wp\/v2\/comments?post=41465"}],"version-history":[{"count":2,"href":"https:\/\/vocesdebaires.com.ar\/index.php\/wp-json\/wp\/v2\/posts\/41465\/revisions"}],"predecessor-version":[{"id":41468,"href":"https:\/\/vocesdebaires.com.ar\/index.php\/wp-json\/wp\/v2\/posts\/41465\/revisions\/41468"}],"wp:featuredmedia":[{"embeddable":true,"href":"https:\/\/vocesdebaires.com.ar\/index.php\/wp-json\/wp\/v2\/media\/41466"}],"wp:attachment":[{"href":"https:\/\/vocesdebaires.com.ar\/index.php\/wp-json\/wp\/v2\/media?parent=41465"}],"wp:term":[{"taxonomy":"category","embeddable":true,"href":"https:\/\/vocesdebaires.com.ar\/index.php\/wp-json\/wp\/v2\/categories?post=41465"},{"taxonomy":"post_tag","embeddable":true,"href":"https:\/\/vocesdebaires.com.ar\/index.php\/wp-json\/wp\/v2\/tags?post=41465"}],"curies":[{"name":"wp","href":"https:\/\/api.w.org\/{rel}","templated":true}]}}