{"id":41469,"date":"2022-11-24T01:36:55","date_gmt":"2022-11-24T04:36:55","guid":{"rendered":"https:\/\/vocesdebaires.com.ar\/?p=41469"},"modified":"2022-11-24T01:36:55","modified_gmt":"2022-11-24T04:36:55","slug":"ciudadamia-realizo-un-acto-en-homenaje-a-desaparecidos-judios","status":"publish","type":"post","link":"https:\/\/vocesdebaires.com.ar\/index.php\/2022\/11\/24\/ciudadamia-realizo-un-acto-en-homenaje-a-desaparecidos-judios\/","title":{"rendered":"Ciudad:AMIA realiz\u00f3 un acto en homenaje a desaparecidos Jud\u00edos"},"content":{"rendered":"<p>Por decimonoveno a\u00f1o consecutivo, AMIA y la Asociaci\u00f3n de Familiares de Desaparecidos Jud\u00edos recordaron a los 1.900 desaparecidos jud\u00edos de la \u00faltima dictadura militar, en un emotivo homenaje que tuvo como principales oradores a Amos Linetzky, presidente de la instituci\u00f3n; a Daniel Goldman, Rabino de la Comunidad Bet El, y a Pablo Bohoslavsky, quien fue secuestrado en 1976 y detenido luego en el penal de Rawson. El acto cont\u00f3 con la participaci\u00f3n especial del artista V\u00edctor Heredia, quien interpret\u00f3 canciones de su vasto y talentoso repertorio, y con cuya m\u00edtica \u201cTodav\u00eda cantamos\u201d concluy\u00f3 el conmovedor encuentro que tuvo lugar, a sala llena, en el auditorio de la calle Pasteur 633.<\/p>\n<p>\u201cEste acto no es s\u00f3lo de recordaci\u00f3n, que de por s\u00ed es valioso, sino de lucha, reivindicaci\u00f3n y reclamo\u201d, sostuvo Pablo Bohoslavsky, sobreviviente del terrorismo de Estado, y quien viaj\u00f3 especialmente desde Viedma para hablar en esta oportunidad, en representaci\u00f3n de la Asociaci\u00f3n de Familiares de Desaparecidos Jud\u00edos. \u201cAs\u00ed continu\u00f3 honraremos a nuestros deudos, seguiremos reclamando verdad y justicia, con el convencimiento de que no estamos en soledad, que los y las j\u00f3venes nos acompa\u00f1an y que continuar\u00e1n nuestra lucha, con el empe\u00f1o que la memoria nos dicta. Esa memoria que a algunos les molesta y averg\u00fcenza y a otros y otras nos gu\u00eda y da fuerzas d\u00eda a d\u00eda\u201d, destac\u00f3 Bohoslavsky al momento de compartir su testimonio.<\/p>\n<p>Por su parte, Daniel Goldman, Rabino de la Comunidad Bet El, y con amplia trayectoria en la defensa de los derechos humanos a trav\u00e9s de distintas instituciones y organismos, hizo referencia a la \u201cdesproporci\u00f3n que existe entre la cantidad de jud\u00edos desaparecidos por sobre el total de las v\u00edctimas, en comparaci\u00f3n con el n\u00famero de miembros de la colectividad que viv\u00eda en el pa\u00eds en esa \u00e9poca acorde al total de los habitantes\u201d. \u00bfC\u00f3mo se explica esa cantidad desproporcionada?, se pregunt\u00f3. \u201cUna de las respuestas conceptuales se encuentra en las propias palabras del general Videla, cuando en 1976 afirm\u00f3 ante un grupo de periodistas que un terrorista es tambi\u00e9n cualquiera que difunde ideas que son contrarias a la civilizaci\u00f3n occidental y cristiana.<\/p>\n<p>La meta de las Fuerzas Armadas fue la de imponer un nuevo modelo de pa\u00eds, y para eso, se deb\u00eda aniquilar a todo aquel que pensara diferente, destruir las estructuras sociales que pudieran obstaculizar sus fines e instaurar un clima de miedo y desconfianza para actuar con total impunidad\u201d, se\u00f1al\u00f3 Goldman. \u201cLa dictadura neg\u00f3 el derecho b\u00e1sico a la vida. El derecho a poder despedirse de nuestros seres amados. Miles de familiares, como muchos de los que hoy y desde hace tiempo nos acompa\u00f1an, no tuvieron siquiera la oportunidad de saber cu\u00e1l fue el destino final de sus seres queridos\u201d, manifest\u00f3 a su turno el presidente de AMIA.<\/p>\n<p>\u201cNo existen las palabras para describir semejante atrocidad. Cu\u00e1n lejos puede llegar el odio, el salvajismo institucionalizado para no permitir que personas despidan los restos de sus familiares o amigos, de saber qu\u00e9 ocurri\u00f3 con ellos\u201d, agreg\u00f3. La edici\u00f3n 2022 del \u00abHomenaje a los desaparecidos jud\u00edos y a las v\u00edctimas del terrorismo de Estado durante la \u00faltima dictadura c\u00edvico-militar\u00bb estuvo dedicada a la memoria de Marcos Weinstein, fallecido el 15 de septiembre pasado, quien fue presidente de la Asociaci\u00f3n de Familiares de Desaparecidos Jud\u00edos, y quien tuvo un rol fundamental en la creaci\u00f3n del acto que comenz\u00f3 a realizarse en AMIA a partir de diciembre de 2004.<\/p>\n<p>Marcos era padre de Mauricio Weinstein, estudiante secundario en el colegio Carlos Pellegrini y militante de la Uni\u00f3n de Estudiantes Secundarios, secuestrado el 18 de abril de 1978, a los 17 a\u00f1os. \u201cMarcos Weinstein es un ejemplo a emular de compromiso con la b\u00fasqueda de verdad, memoria y justicia durante tantos a\u00f1os de trabajo en organismos y organizaciones\u201d, expres\u00f3 Brenda Brecher, periodista que ofici\u00f3 como presentadora del homenaje.<\/p>\n","protected":false},"excerpt":{"rendered":"<p>Por decimonoveno a\u00f1o consecutivo, AMIA y la Asociaci\u00f3n de Familiares de Desaparecidos Jud\u00edos recordaron a los 1.900 desaparecidos jud\u00edos de la \u00faltima dictadura militar, en un emotivo homenaje que tuvo como principales oradores a Amos Linetzky, presidente de la instituci\u00f3n; a Daniel Goldman, Rabino de la Comunidad Bet El, y a Pablo Bohoslavsky, quien fue [&hellip;]<\/p>\n","protected":false},"author":2,"featured_media":41470,"comment_status":"open","ping_status":"open","sticky":false,"template":"","format":"standard","meta":{"_et_pb_use_builder":"","_et_pb_old_content":"","_et_gb_content_width":"","footnotes":""},"categories":[11,33],"tags":[],"class_list":["post-41469","post","type-post","status-publish","format-standard","has-post-thumbnail","hentry","category-ciudad","category-sociedad-y-cultura-2"],"_links":{"self":[{"href":"https:\/\/vocesdebaires.com.ar\/index.php\/wp-json\/wp\/v2\/posts\/41469"}],"collection":[{"href":"https:\/\/vocesdebaires.com.ar\/index.php\/wp-json\/wp\/v2\/posts"}],"about":[{"href":"https:\/\/vocesdebaires.com.ar\/index.php\/wp-json\/wp\/v2\/types\/post"}],"author":[{"embeddable":true,"href":"https:\/\/vocesdebaires.com.ar\/index.php\/wp-json\/wp\/v2\/users\/2"}],"replies":[{"embeddable":true,"href":"https:\/\/vocesdebaires.com.ar\/index.php\/wp-json\/wp\/v2\/comments?post=41469"}],"version-history":[{"count":2,"href":"https:\/\/vocesdebaires.com.ar\/index.php\/wp-json\/wp\/v2\/posts\/41469\/revisions"}],"predecessor-version":[{"id":41472,"href":"https:\/\/vocesdebaires.com.ar\/index.php\/wp-json\/wp\/v2\/posts\/41469\/revisions\/41472"}],"wp:featuredmedia":[{"embeddable":true,"href":"https:\/\/vocesdebaires.com.ar\/index.php\/wp-json\/wp\/v2\/media\/41470"}],"wp:attachment":[{"href":"https:\/\/vocesdebaires.com.ar\/index.php\/wp-json\/wp\/v2\/media?parent=41469"}],"wp:term":[{"taxonomy":"category","embeddable":true,"href":"https:\/\/vocesdebaires.com.ar\/index.php\/wp-json\/wp\/v2\/categories?post=41469"},{"taxonomy":"post_tag","embeddable":true,"href":"https:\/\/vocesdebaires.com.ar\/index.php\/wp-json\/wp\/v2\/tags?post=41469"}],"curies":[{"name":"wp","href":"https:\/\/api.w.org\/{rel}","templated":true}]}}