{"id":41477,"date":"2022-11-25T00:15:45","date_gmt":"2022-11-25T03:15:45","guid":{"rendered":"https:\/\/vocesdebaires.com.ar\/?p=41477"},"modified":"2022-11-25T00:17:23","modified_gmt":"2022-11-25T03:17:23","slug":"ciudad-dia-de-la-eliminacion-de-la-violencia-contra-la-mujer","status":"publish","type":"post","link":"https:\/\/vocesdebaires.com.ar\/index.php\/2022\/11\/25\/ciudad-dia-de-la-eliminacion-de-la-violencia-contra-la-mujer\/","title":{"rendered":"Ciudad: D\u00eda de la eliminaci\u00f3n de la violencia contra la mujer"},"content":{"rendered":"<p>Por el asesinato de las hermanas Mirabal en 1960 durante la dictadura de Rafael Trujillo en la Rep\u00fablica Dominicana, el D\u00eda Internacional de la Eliminaci\u00f3n de la Violencia contra la Mujer se conmemora desde 1981 el 25 de noviembre para denunciar la violencia que se ejerce sobre las mujeres en todo el mundo y reclamar pol\u00edticas para su erradicaci\u00f3n en todos los pa\u00edses.<br \/>\nLey 5159. Sancionada el 20 de noviembre de 2014, publicada en el Bolet\u00edn Oficial de la Ciudad Nro. 4553 del 7 de enero de 2015<\/p>\n","protected":false},"excerpt":{"rendered":"<p>Por el asesinato de las hermanas Mirabal en 1960 durante la dictadura de Rafael Trujillo en la Rep\u00fablica Dominicana, el D\u00eda Internacional de la Eliminaci\u00f3n de la Violencia contra la Mujer se conmemora desde 1981 el 25 de noviembre para denunciar la violencia que se ejerce sobre las mujeres en todo el mundo y reclamar [&hellip;]<\/p>\n","protected":false},"author":2,"featured_media":41478,"comment_status":"open","ping_status":"open","sticky":false,"template":"","format":"standard","meta":{"_et_pb_use_builder":"","_et_pb_old_content":"","_et_gb_content_width":"","footnotes":""},"categories":[11,33],"tags":[],"class_list":["post-41477","post","type-post","status-publish","format-standard","has-post-thumbnail","hentry","category-ciudad","category-sociedad-y-cultura-2"],"_links":{"self":[{"href":"https:\/\/vocesdebaires.com.ar\/index.php\/wp-json\/wp\/v2\/posts\/41477"}],"collection":[{"href":"https:\/\/vocesdebaires.com.ar\/index.php\/wp-json\/wp\/v2\/posts"}],"about":[{"href":"https:\/\/vocesdebaires.com.ar\/index.php\/wp-json\/wp\/v2\/types\/post"}],"author":[{"embeddable":true,"href":"https:\/\/vocesdebaires.com.ar\/index.php\/wp-json\/wp\/v2\/users\/2"}],"replies":[{"embeddable":true,"href":"https:\/\/vocesdebaires.com.ar\/index.php\/wp-json\/wp\/v2\/comments?post=41477"}],"version-history":[{"count":1,"href":"https:\/\/vocesdebaires.com.ar\/index.php\/wp-json\/wp\/v2\/posts\/41477\/revisions"}],"predecessor-version":[{"id":41479,"href":"https:\/\/vocesdebaires.com.ar\/index.php\/wp-json\/wp\/v2\/posts\/41477\/revisions\/41479"}],"wp:featuredmedia":[{"embeddable":true,"href":"https:\/\/vocesdebaires.com.ar\/index.php\/wp-json\/wp\/v2\/media\/41478"}],"wp:attachment":[{"href":"https:\/\/vocesdebaires.com.ar\/index.php\/wp-json\/wp\/v2\/media?parent=41477"}],"wp:term":[{"taxonomy":"category","embeddable":true,"href":"https:\/\/vocesdebaires.com.ar\/index.php\/wp-json\/wp\/v2\/categories?post=41477"},{"taxonomy":"post_tag","embeddable":true,"href":"https:\/\/vocesdebaires.com.ar\/index.php\/wp-json\/wp\/v2\/tags?post=41477"}],"curies":[{"name":"wp","href":"https:\/\/api.w.org\/{rel}","templated":true}]}}