{"id":41487,"date":"2022-11-25T00:31:23","date_gmt":"2022-11-25T03:31:23","guid":{"rendered":"https:\/\/vocesdebaires.com.ar\/?p=41487"},"modified":"2022-11-25T00:32:00","modified_gmt":"2022-11-25T03:32:00","slug":"ciudadcampana-nacional-de-prevencion-de-ceguera-por-diabetes-2022","status":"publish","type":"post","link":"https:\/\/vocesdebaires.com.ar\/index.php\/2022\/11\/25\/ciudadcampana-nacional-de-prevencion-de-ceguera-por-diabetes-2022\/","title":{"rendered":"Ciudad:Campa\u00f1a nacional de prevenci\u00f3n de ceguera por diabetes"},"content":{"rendered":"<p>Hoy viernes 25 de noviembre, y tras dos a\u00f1os de ausencia por la pandemia, el Consejo Argentino de Oftalmolog\u00eda (CAO) llevar\u00e1 a cabo la 22\u00aa edici\u00f3n anual de la Campa\u00f1a Nacional de Prevenci\u00f3n de Ceguera por Diabetes. Durante todo el d\u00eda, m\u00e9dicos oftalm\u00f3logos de todo el pa\u00eds atender\u00e1n a pacientes diab\u00e9ticos de manera gratuita para detectar o descartar la presencia de retinopat\u00eda diab\u00e9tica, una enfermedad nociva para la salud visual que puede llevar a la ceguera.<\/p>\n<p>La acci\u00f3n consistir\u00e1 en la realizaci\u00f3n de fondos de ojo, un examen r\u00e1pido e indoloro que consiste en la aplicaci\u00f3n de gotas oft\u00e1lmicas que dilatan la pupila y permiten que el m\u00e9dico oftalm\u00f3logo analice las estructuras internas m\u00e1s importantes de la parte posterior del globo ocular. La campa\u00f1a se realizar\u00e1 en m\u00e1s de 140 centros oftalmol\u00f3gicos p\u00fablicos y privados y contar\u00e1 con la coordinaci\u00f3n del Dr. Guillermo Iribarren, jefe del Servicio de Oftalmolog\u00eda del Hospital Alem\u00e1n e integrante de la Comisi\u00f3n de Acci\u00f3n Social y Prevenci\u00f3n de la Ceguera del CAO.<\/p>\n<p>Los centros de salud, donde se realizar\u00e1n los chequeos gratuitos, se pueden consultar en: www.oftalmologos.org.ar\/diabetes2022<\/p>\n<p><strong>En CABA se atender\u00e1 en:<\/strong><br \/>\nConsultorio Oftalmobarracas, Av. Montes de Oca 21<br \/>\nConsultorios Dr. Barreiro, Manuel Ugarte 2164<br \/>\nHospital Zubizarreta, Nueva York 3952<br \/>\nSOF Oftalmolog\u00eda, Av. Triunvirato 3176<br \/>\nCardimed, Larrea 848<br \/>\nHospital de Cl\u00ednicas Jos\u00e9 de San Mart\u00edn, Av. C\u00f3rdoba 2351<br \/>\nHospital Fern\u00e1ndez, Av. Cervi\u00f1o 3356<br \/>\nHospital Alem\u00e1n, Av. Pueyrred\u00f3n 1640<br \/>\nHospital J.M. Penna, Av. Almafuerte 406<br \/>\nHospital de Agudos T. \u00c1lvarez, Aranguren 2701<\/p>\n<p><strong>Qu\u00e9 es la retinopat\u00eda diab\u00e9tica<\/strong><br \/>\nEs una complicaci\u00f3n de la diabetes causada por el deterioro de las arterias y venas que irrigan la retina, una capa de nervios que recubre al ojo por dentro y cuya funci\u00f3n es percibir la luz e im\u00e1genes que llegar\u00e1n al cerebro. El da\u00f1o en los vasos sangu\u00edneos puede disminuir la visi\u00f3n o distorsionar las im\u00e1genes. Generalmente, no presenta s\u00edntomas en sus inicios. En paralelo, los riesgos de que los pacientes diab\u00e9ticos desarrollen esta patolog\u00eda aumentan con el avance de la enfermedad y con el mal control de la glucemia.<\/p>\n","protected":false},"excerpt":{"rendered":"<p>Hoy viernes 25 de noviembre, y tras dos a\u00f1os de ausencia por la pandemia, el Consejo Argentino de Oftalmolog\u00eda (CAO) llevar\u00e1 a cabo la 22\u00aa edici\u00f3n anual de la Campa\u00f1a Nacional de Prevenci\u00f3n de Ceguera por Diabetes. Durante todo el d\u00eda, m\u00e9dicos oftalm\u00f3logos de todo el pa\u00eds atender\u00e1n a pacientes diab\u00e9ticos de manera gratuita para [&hellip;]<\/p>\n","protected":false},"author":2,"featured_media":41488,"comment_status":"open","ping_status":"open","sticky":false,"template":"","format":"standard","meta":{"_et_pb_use_builder":"","_et_pb_old_content":"","_et_gb_content_width":"","footnotes":""},"categories":[11,33],"tags":[],"class_list":["post-41487","post","type-post","status-publish","format-standard","has-post-thumbnail","hentry","category-ciudad","category-sociedad-y-cultura-2"],"_links":{"self":[{"href":"https:\/\/vocesdebaires.com.ar\/index.php\/wp-json\/wp\/v2\/posts\/41487"}],"collection":[{"href":"https:\/\/vocesdebaires.com.ar\/index.php\/wp-json\/wp\/v2\/posts"}],"about":[{"href":"https:\/\/vocesdebaires.com.ar\/index.php\/wp-json\/wp\/v2\/types\/post"}],"author":[{"embeddable":true,"href":"https:\/\/vocesdebaires.com.ar\/index.php\/wp-json\/wp\/v2\/users\/2"}],"replies":[{"embeddable":true,"href":"https:\/\/vocesdebaires.com.ar\/index.php\/wp-json\/wp\/v2\/comments?post=41487"}],"version-history":[{"count":2,"href":"https:\/\/vocesdebaires.com.ar\/index.php\/wp-json\/wp\/v2\/posts\/41487\/revisions"}],"predecessor-version":[{"id":41490,"href":"https:\/\/vocesdebaires.com.ar\/index.php\/wp-json\/wp\/v2\/posts\/41487\/revisions\/41490"}],"wp:featuredmedia":[{"embeddable":true,"href":"https:\/\/vocesdebaires.com.ar\/index.php\/wp-json\/wp\/v2\/media\/41488"}],"wp:attachment":[{"href":"https:\/\/vocesdebaires.com.ar\/index.php\/wp-json\/wp\/v2\/media?parent=41487"}],"wp:term":[{"taxonomy":"category","embeddable":true,"href":"https:\/\/vocesdebaires.com.ar\/index.php\/wp-json\/wp\/v2\/categories?post=41487"},{"taxonomy":"post_tag","embeddable":true,"href":"https:\/\/vocesdebaires.com.ar\/index.php\/wp-json\/wp\/v2\/tags?post=41487"}],"curies":[{"name":"wp","href":"https:\/\/api.w.org\/{rel}","templated":true}]}}