{"id":41491,"date":"2022-11-25T00:36:22","date_gmt":"2022-11-25T03:36:22","guid":{"rendered":"https:\/\/vocesdebaires.com.ar\/?p=41491"},"modified":"2022-11-25T00:36:22","modified_gmt":"2022-11-25T03:36:22","slug":"en-la-ciudadse-declaro-el-dia-de-la-libertad-religiosa","status":"publish","type":"post","link":"https:\/\/vocesdebaires.com.ar\/index.php\/2022\/11\/25\/en-la-ciudadse-declaro-el-dia-de-la-libertad-religiosa\/","title":{"rendered":"En la ciudad:Se declaro el dia de la libertad religiosa"},"content":{"rendered":"<p>La \u00abDeclaraci\u00f3n sobre la eliminaci\u00f3n de todas las formas de intolerancia y discriminaci\u00f3n fundadas en la religi\u00f3n o las convicciones\u00bb, de la Organizaci\u00f3n de las Naciones Unidas (Resoluci\u00f3n Asamblea General N\u00b0 36\/55) fue proclamada el 25 de noviembre de 1981. El primer p\u00e1rrafo de la Declaraci\u00f3n dice: \u201cToda persona tiene derecho a la libertad de pensamiento, de conciencia y de religi\u00f3n. Este derecho incluye la libertad de tener una religi\u00f3n o cualesquiera convicciones de su elecci\u00f3n, as\u00ed como la libertad de manifestar su religi\u00f3n o sus convicciones individual o colectivamente, tanto en p\u00fablico como en privado, mediante el culto, la observancia, la pr\u00e1ctica y la ense\u00f1anza.\u201d Ley 2140. Sancionada el 9 de noviembre de 2006, publicada en el Bolet\u00edn Oficial de la Ciudad Nro. 2585 del 13 de diciembre de 2006<\/p>\n","protected":false},"excerpt":{"rendered":"<p>La \u00abDeclaraci\u00f3n sobre la eliminaci\u00f3n de todas las formas de intolerancia y discriminaci\u00f3n fundadas en la religi\u00f3n o las convicciones\u00bb, de la Organizaci\u00f3n de las Naciones Unidas (Resoluci\u00f3n Asamblea General N\u00b0 36\/55) fue proclamada el 25 de noviembre de 1981. El primer p\u00e1rrafo de la Declaraci\u00f3n dice: \u201cToda persona tiene derecho a la libertad de [&hellip;]<\/p>\n","protected":false},"author":2,"featured_media":41492,"comment_status":"open","ping_status":"open","sticky":false,"template":"","format":"standard","meta":{"_et_pb_use_builder":"","_et_pb_old_content":"","_et_gb_content_width":"","footnotes":""},"categories":[11,33],"tags":[],"class_list":["post-41491","post","type-post","status-publish","format-standard","has-post-thumbnail","hentry","category-ciudad","category-sociedad-y-cultura-2"],"_links":{"self":[{"href":"https:\/\/vocesdebaires.com.ar\/index.php\/wp-json\/wp\/v2\/posts\/41491"}],"collection":[{"href":"https:\/\/vocesdebaires.com.ar\/index.php\/wp-json\/wp\/v2\/posts"}],"about":[{"href":"https:\/\/vocesdebaires.com.ar\/index.php\/wp-json\/wp\/v2\/types\/post"}],"author":[{"embeddable":true,"href":"https:\/\/vocesdebaires.com.ar\/index.php\/wp-json\/wp\/v2\/users\/2"}],"replies":[{"embeddable":true,"href":"https:\/\/vocesdebaires.com.ar\/index.php\/wp-json\/wp\/v2\/comments?post=41491"}],"version-history":[{"count":1,"href":"https:\/\/vocesdebaires.com.ar\/index.php\/wp-json\/wp\/v2\/posts\/41491\/revisions"}],"predecessor-version":[{"id":41493,"href":"https:\/\/vocesdebaires.com.ar\/index.php\/wp-json\/wp\/v2\/posts\/41491\/revisions\/41493"}],"wp:featuredmedia":[{"embeddable":true,"href":"https:\/\/vocesdebaires.com.ar\/index.php\/wp-json\/wp\/v2\/media\/41492"}],"wp:attachment":[{"href":"https:\/\/vocesdebaires.com.ar\/index.php\/wp-json\/wp\/v2\/media?parent=41491"}],"wp:term":[{"taxonomy":"category","embeddable":true,"href":"https:\/\/vocesdebaires.com.ar\/index.php\/wp-json\/wp\/v2\/categories?post=41491"},{"taxonomy":"post_tag","embeddable":true,"href":"https:\/\/vocesdebaires.com.ar\/index.php\/wp-json\/wp\/v2\/tags?post=41491"}],"curies":[{"name":"wp","href":"https:\/\/api.w.org\/{rel}","templated":true}]}}