{"id":41494,"date":"2022-11-25T00:42:22","date_gmt":"2022-11-25T03:42:22","guid":{"rendered":"https:\/\/vocesdebaires.com.ar\/?p=41494"},"modified":"2022-11-25T00:42:22","modified_gmt":"2022-11-25T03:42:22","slug":"el-consejo-federal-de-discapacidad-se-reunio-en-la-legislatura-portena","status":"publish","type":"post","link":"https:\/\/vocesdebaires.com.ar\/index.php\/2022\/11\/25\/el-consejo-federal-de-discapacidad-se-reunio-en-la-legislatura-portena\/","title":{"rendered":"El Consejo federal de discapacidad se reuni\u00f3 en la legislatura porte\u00f1a"},"content":{"rendered":"<p>El Sal\u00f3n San Mart\u00edn fue el escenario de la 93\u00b0 reuni\u00f3n de representantes del Consejo Federal de Discapacidad el pasado jueves por la ma\u00f1ana. Se trat\u00f3 del encuentro que cierra el a\u00f1o de la instituci\u00f3n en el se desarroll\u00f3 un debate basado en el an\u00e1lisis de informes nacionales y regionales como tambi\u00e9n hubo un ap\u00e9ndice especial en el Deporte Inclusivo. Juan Manuel Vald\u00e9s (FdT), presidente de la Comisi\u00f3n de Discapacidad de la Legislatura, estuvo al frente del debate y estuvo acompa\u00f1ado por la legisladora Victoria Montenegro (FdT). Por su parte, el director de la Agencia Nacional de Discapacidad, Fernando Galarraga, abri\u00f3 el evento como m\u00e1ximo representante de la agrupaci\u00f3n.<\/p>\n<p>La actividad cont\u00f3 con muchas herramientas para una mayor accesibilidad, como el subtitulado de los discursos y una persona que traslad\u00f3 los mismos en lenguaje de se\u00f1as, por ejemplo. \u201cPara nosotros es un honor haber podido ser anfitriones de esta asamblea tan importante para todas las personas con discapacidad en Argentina porque en ustedes est\u00e1 la toma decisiones para el destino de estas personas, para la vida cotidiana de estas personas que sabemos seg\u00fan el \u00faltimo censo son m\u00e1s de 10% de toda la poblaci\u00f3n. Administrar esas situaciones en cada una de las provincias es una tarea fundamental, absolutamente imprescindible y valiosa que tienen ustedes a cargo\u201d, declar\u00f3 Vald\u00e9s.<\/p>\n<p>Galarraga agradeci\u00f3 la gesti\u00f3n del presidente de la Comisi\u00f3n para permitirles el espacio dentro de la casa legislativa. Tambi\u00e9n sum\u00f3 su mensaje sobre la nueva Asamblea del CoFeDis: \u201cEs un gusto enorme volver a encontrarnos y cerrar un a\u00f1o de trabajo que va a estar marcado por el debate, por la escucha, por el di\u00e1logo. Es realmente indispensable e imprescindible que se visibilice al colectivo de las personas con discapacidad si queremos atender de manera responsable desde el modelo social de la discapacidad\u201d.<\/p>\n","protected":false},"excerpt":{"rendered":"<p>El Sal\u00f3n San Mart\u00edn fue el escenario de la 93\u00b0 reuni\u00f3n de representantes del Consejo Federal de Discapacidad el pasado jueves por la ma\u00f1ana. Se trat\u00f3 del encuentro que cierra el a\u00f1o de la instituci\u00f3n en el se desarroll\u00f3 un debate basado en el an\u00e1lisis de informes nacionales y regionales como tambi\u00e9n hubo un ap\u00e9ndice [&hellip;]<\/p>\n","protected":false},"author":2,"featured_media":41496,"comment_status":"open","ping_status":"open","sticky":false,"template":"","format":"standard","meta":{"_et_pb_use_builder":"","_et_pb_old_content":"","_et_gb_content_width":"","footnotes":""},"categories":[11,33],"tags":[],"class_list":["post-41494","post","type-post","status-publish","format-standard","has-post-thumbnail","hentry","category-ciudad","category-sociedad-y-cultura-2"],"_links":{"self":[{"href":"https:\/\/vocesdebaires.com.ar\/index.php\/wp-json\/wp\/v2\/posts\/41494"}],"collection":[{"href":"https:\/\/vocesdebaires.com.ar\/index.php\/wp-json\/wp\/v2\/posts"}],"about":[{"href":"https:\/\/vocesdebaires.com.ar\/index.php\/wp-json\/wp\/v2\/types\/post"}],"author":[{"embeddable":true,"href":"https:\/\/vocesdebaires.com.ar\/index.php\/wp-json\/wp\/v2\/users\/2"}],"replies":[{"embeddable":true,"href":"https:\/\/vocesdebaires.com.ar\/index.php\/wp-json\/wp\/v2\/comments?post=41494"}],"version-history":[{"count":1,"href":"https:\/\/vocesdebaires.com.ar\/index.php\/wp-json\/wp\/v2\/posts\/41494\/revisions"}],"predecessor-version":[{"id":41497,"href":"https:\/\/vocesdebaires.com.ar\/index.php\/wp-json\/wp\/v2\/posts\/41494\/revisions\/41497"}],"wp:featuredmedia":[{"embeddable":true,"href":"https:\/\/vocesdebaires.com.ar\/index.php\/wp-json\/wp\/v2\/media\/41496"}],"wp:attachment":[{"href":"https:\/\/vocesdebaires.com.ar\/index.php\/wp-json\/wp\/v2\/media?parent=41494"}],"wp:term":[{"taxonomy":"category","embeddable":true,"href":"https:\/\/vocesdebaires.com.ar\/index.php\/wp-json\/wp\/v2\/categories?post=41494"},{"taxonomy":"post_tag","embeddable":true,"href":"https:\/\/vocesdebaires.com.ar\/index.php\/wp-json\/wp\/v2\/tags?post=41494"}],"curies":[{"name":"wp","href":"https:\/\/api.w.org\/{rel}","templated":true}]}}