{"id":41508,"date":"2022-11-28T00:32:19","date_gmt":"2022-11-28T03:32:19","guid":{"rendered":"https:\/\/vocesdebaires.com.ar\/?p=41508"},"modified":"2022-11-28T00:32:19","modified_gmt":"2022-11-28T03:32:19","slug":"llegala-47-a-feria-internacional-del-libro-de-buenos-aires","status":"publish","type":"post","link":"https:\/\/vocesdebaires.com.ar\/index.php\/2022\/11\/28\/llegala-47-a-feria-internacional-del-libro-de-buenos-aires\/","title":{"rendered":"Llega:La 47.\u00aa Feria Internacional del Libro de Buenos Aires"},"content":{"rendered":"<p>La Fundaci\u00f3n El Libro, organizadora de la 47.\u00aa Feria Internacional del Libro de Buenos Aires que se realizar\u00e1 del 25 de abril al 15 de mayo de 2023, comunica que a dos meses de comenzar la venta de stands, quedan escasos espacios disponibles para participar de la muestra.<\/p>\n<p><strong>La Feria de 2022, una edici\u00f3n hist\u00f3rica<\/strong><br \/>\nDos veces postergada por la pandemia, la 46.\u00aa Feria Internacional del Libro de Buenos Aires bati\u00f3 todos los r\u00e9cords: p\u00fablico, ventas, ocupaci\u00f3n, visitantes profesionales, log\u00edstica y cobertura en medios.<\/p>\n<p><strong>Gran entusiasmo por la 47.\u00aa Feria<\/strong><br \/>\nLuego de su lanzamiento oficial, que se llev\u00f3 a cabo en un acto multitudinario el 14 de septiembre en la Biblioteca Nacional, comenzaron a comercializarse los diferentes espacios de la Feria del Libro con un entusiasmo renovado. Adem\u00e1s de encontrarse reservada en m\u00e1s de un 95% la oferta de stands, hay gran cantidad de nuevos expositores nacionales e internacionales, entre los que se destacan Vietnam y Corea. Adem\u00e1s, hay mucha expectativa por el desembarco de la Regi\u00f3n Metropolitana de Santiago como Ciudad Invitada de Honor.<\/p>\n<p><strong>Una gran oportunidad para participar en la Feria<\/strong><br \/>\nLa Fundaci\u00f3n El Libro financiar\u00e1 con recursos propios y por sexto a\u00f1o consecutivo el Nuevo Barrio, un espacio innovador en el que podr\u00e1n participar sin cargo editoriales comerciales de Argentina y del Exterior. La convocatoria para postular est\u00e1 abierta hasta el 5 de diciembre y entre las propuestas recibidas se elegir\u00e1n 12, valorando la calidad y diversidad de sus cat\u00e1logos.<br \/>\nEn paralelo, Ezequiel Mart\u00ednez, Director General de la Fundaci\u00f3n El Libro, est\u00e1 trabajando en la elaboraci\u00f3n de un programa cultural de excelencia para la pr\u00f3xima Feria.<\/p>\n","protected":false},"excerpt":{"rendered":"<p>La Fundaci\u00f3n El Libro, organizadora de la 47.\u00aa Feria Internacional del Libro de Buenos Aires que se realizar\u00e1 del 25 de abril al 15 de mayo de 2023, comunica que a dos meses de comenzar la venta de stands, quedan escasos espacios disponibles para participar de la muestra. La Feria de 2022, una edici\u00f3n hist\u00f3rica [&hellip;]<\/p>\n","protected":false},"author":2,"featured_media":41509,"comment_status":"open","ping_status":"open","sticky":false,"template":"","format":"standard","meta":{"_et_pb_use_builder":"","_et_pb_old_content":"","_et_gb_content_width":"","footnotes":""},"categories":[11,33],"tags":[],"class_list":["post-41508","post","type-post","status-publish","format-standard","has-post-thumbnail","hentry","category-ciudad","category-sociedad-y-cultura-2"],"_links":{"self":[{"href":"https:\/\/vocesdebaires.com.ar\/index.php\/wp-json\/wp\/v2\/posts\/41508"}],"collection":[{"href":"https:\/\/vocesdebaires.com.ar\/index.php\/wp-json\/wp\/v2\/posts"}],"about":[{"href":"https:\/\/vocesdebaires.com.ar\/index.php\/wp-json\/wp\/v2\/types\/post"}],"author":[{"embeddable":true,"href":"https:\/\/vocesdebaires.com.ar\/index.php\/wp-json\/wp\/v2\/users\/2"}],"replies":[{"embeddable":true,"href":"https:\/\/vocesdebaires.com.ar\/index.php\/wp-json\/wp\/v2\/comments?post=41508"}],"version-history":[{"count":1,"href":"https:\/\/vocesdebaires.com.ar\/index.php\/wp-json\/wp\/v2\/posts\/41508\/revisions"}],"predecessor-version":[{"id":41510,"href":"https:\/\/vocesdebaires.com.ar\/index.php\/wp-json\/wp\/v2\/posts\/41508\/revisions\/41510"}],"wp:featuredmedia":[{"embeddable":true,"href":"https:\/\/vocesdebaires.com.ar\/index.php\/wp-json\/wp\/v2\/media\/41509"}],"wp:attachment":[{"href":"https:\/\/vocesdebaires.com.ar\/index.php\/wp-json\/wp\/v2\/media?parent=41508"}],"wp:term":[{"taxonomy":"category","embeddable":true,"href":"https:\/\/vocesdebaires.com.ar\/index.php\/wp-json\/wp\/v2\/categories?post=41508"},{"taxonomy":"post_tag","embeddable":true,"href":"https:\/\/vocesdebaires.com.ar\/index.php\/wp-json\/wp\/v2\/tags?post=41508"}],"curies":[{"name":"wp","href":"https:\/\/api.w.org\/{rel}","templated":true}]}}