{"id":41518,"date":"2022-11-28T00:50:38","date_gmt":"2022-11-28T03:50:38","guid":{"rendered":"https:\/\/vocesdebaires.com.ar\/?p=41518"},"modified":"2022-11-28T00:50:38","modified_gmt":"2022-11-28T03:50:38","slug":"en-la-ciudad-comenzo-la-capacitacion-a-jovenes-en-ingles-tecnico","status":"publish","type":"post","link":"https:\/\/vocesdebaires.com.ar\/index.php\/2022\/11\/28\/en-la-ciudad-comenzo-la-capacitacion-a-jovenes-en-ingles-tecnico\/","title":{"rendered":"En la ciudad: Comenz\u00f3 la capacitaci\u00f3n a j\u00f3venes en ingl\u00e9s t\u00e9cnico"},"content":{"rendered":"<p>El Gobierno de la Ciudad y la Agencia de Aprendizaje a lo Largo de la Vida, llevaron a cabo el programa \u201cCodo a Codo\u201d que permiti\u00f3 capacitar a j\u00f3venes en herramientas que facilitan la inserci\u00f3n laboral en el sector Inform\u00e1tica (IT), y en particular, fomentar la participaci\u00f3n de las mujeres, con el fin de mejorar su empleabilidad. Entre otras capacitaciones, los alumnos recibieron cursos de ingl\u00e9s t\u00e9cnico para ampliar sus oportunidades laborales. En el marco de la Feria Educativa \u201cCre\u00e1 Tu Futuro\u201d se hizo la entrega de diplomas a 2.000 adultos j\u00f3venes, egresados de este programa que busca brindar herramientas concretas para enfrentar el mundo laboral, promover el desarrollo profesional y potenciar las oportunidades de empleabilidad.<\/p>\n<p>En su recorrida por la Feria, el jefe de Gobierno porte\u00f1o Horacio Rodr\u00edguez Larreta afirm\u00f3: \u00abLa educaci\u00f3n para el trabajo abre el camino al progreso, da libertad, independencia y permite a las personas construir un proyecto de vida. Por eso, desde la Ciudad vamos a seguir trabajando en proyectos e iniciativas que acompa\u00f1en a aquellos que quieren trabajar para que todas las personas, j\u00f3venes y adultos, independientemente de su g\u00e9nero o del lugar donde nacieron, tengan acceso real al mercado laboral\u00bb.<\/p>\n<p>La oferta educativa gratuita de la Agencia de Aprendizaje se relaciona con los sectores productivos que tienen mayor demanda laboral en Buenos Aires, como Tecnolog\u00eda, Turismo, Gastronom\u00eda y Hoteler\u00eda, Salud, Administraci\u00f3n, Construcci\u00f3n, Mec\u00e1nica y Energ\u00eda. Soledad Acu\u00f1a, en tanto, precis\u00f3: \u00abDesde el Ministerio de Educaci\u00f3n porte\u00f1o acompa\u00f1amos a j\u00f3venes y adultos impulsando su potencial para que puedan adaptarse, reconvertirse y generar nuevas posibilidades de inserci\u00f3n, desarrollo laboral y profesional a trav\u00e9s de diferentes ofertas de cursos y certificaciones.<\/p>\n<p>Se trata de una iniciativa que adem\u00e1s de responder a la demanda de una buena oferta acad\u00e9mica de educaci\u00f3n, responde a la permanente evoluci\u00f3n de los empleos. Porque los cambios constantes de este siglo nos exigen renovar la relaci\u00f3n educaci\u00f3n, trabajo y producci\u00f3n\u201d. \u201cEn un contexto mundial complejo, impactado por diversos factores socioecon\u00f3micos importantes, estudiar un segundo idioma como lo es el ingl\u00e9s, aumenta las probabilidades de encontrar un trabajo y potencia las inversiones y producci\u00f3n en los pa\u00edses\u201d, concluy\u00f3 el director de Government Relations de Pearson.<\/p>\n","protected":false},"excerpt":{"rendered":"<p>El Gobierno de la Ciudad y la Agencia de Aprendizaje a lo Largo de la Vida, llevaron a cabo el programa \u201cCodo a Codo\u201d que permiti\u00f3 capacitar a j\u00f3venes en herramientas que facilitan la inserci\u00f3n laboral en el sector Inform\u00e1tica (IT), y en particular, fomentar la participaci\u00f3n de las mujeres, con el fin de mejorar [&hellip;]<\/p>\n","protected":false},"author":2,"featured_media":41519,"comment_status":"open","ping_status":"open","sticky":false,"template":"","format":"standard","meta":{"_et_pb_use_builder":"","_et_pb_old_content":"","_et_gb_content_width":"","footnotes":""},"categories":[11,33],"tags":[],"class_list":["post-41518","post","type-post","status-publish","format-standard","has-post-thumbnail","hentry","category-ciudad","category-sociedad-y-cultura-2"],"_links":{"self":[{"href":"https:\/\/vocesdebaires.com.ar\/index.php\/wp-json\/wp\/v2\/posts\/41518"}],"collection":[{"href":"https:\/\/vocesdebaires.com.ar\/index.php\/wp-json\/wp\/v2\/posts"}],"about":[{"href":"https:\/\/vocesdebaires.com.ar\/index.php\/wp-json\/wp\/v2\/types\/post"}],"author":[{"embeddable":true,"href":"https:\/\/vocesdebaires.com.ar\/index.php\/wp-json\/wp\/v2\/users\/2"}],"replies":[{"embeddable":true,"href":"https:\/\/vocesdebaires.com.ar\/index.php\/wp-json\/wp\/v2\/comments?post=41518"}],"version-history":[{"count":1,"href":"https:\/\/vocesdebaires.com.ar\/index.php\/wp-json\/wp\/v2\/posts\/41518\/revisions"}],"predecessor-version":[{"id":41520,"href":"https:\/\/vocesdebaires.com.ar\/index.php\/wp-json\/wp\/v2\/posts\/41518\/revisions\/41520"}],"wp:featuredmedia":[{"embeddable":true,"href":"https:\/\/vocesdebaires.com.ar\/index.php\/wp-json\/wp\/v2\/media\/41519"}],"wp:attachment":[{"href":"https:\/\/vocesdebaires.com.ar\/index.php\/wp-json\/wp\/v2\/media?parent=41518"}],"wp:term":[{"taxonomy":"category","embeddable":true,"href":"https:\/\/vocesdebaires.com.ar\/index.php\/wp-json\/wp\/v2\/categories?post=41518"},{"taxonomy":"post_tag","embeddable":true,"href":"https:\/\/vocesdebaires.com.ar\/index.php\/wp-json\/wp\/v2\/tags?post=41518"}],"curies":[{"name":"wp","href":"https:\/\/api.w.org\/{rel}","templated":true}]}}