{"id":41521,"date":"2022-11-28T01:03:09","date_gmt":"2022-11-28T04:03:09","guid":{"rendered":"https:\/\/vocesdebaires.com.ar\/?p=41521"},"modified":"2022-11-28T01:03:09","modified_gmt":"2022-11-28T04:03:09","slug":"legislatura-declaro-de-interes-al-podcast-chat-de-mamis","status":"publish","type":"post","link":"https:\/\/vocesdebaires.com.ar\/index.php\/2022\/11\/28\/legislatura-declaro-de-interes-al-podcast-chat-de-mamis\/","title":{"rendered":"Legislatura declar\u00f3 de inter\u00e9s al Podcast  \u201cChat de Mamis\u00bb"},"content":{"rendered":"<p>El Cuerpo Legislativo declar\u00f3 de inter\u00e9s para la Comunicaci\u00f3n Social de la Ciudad al podcast \u201cChat de Mamis\u201d, conducido por la periodista Mar\u00eda Julia Oliv\u00e1n. El acto se desarroll\u00f3 el pasado viernes, en el Sal\u00f3n Dorado. Y cont\u00f3 con la presencia de la legisladora porte\u00f1a y autora del proyecto Mar\u00eda Cecilia Ferrero, la psiquiatra infanto-juvenil Alexia Rattazzi y Oliv\u00e1n. En el comienzo, Ferrero destac\u00f3 la importancia de acompa\u00f1ar y distinguir este tipo de iniciativas desde la Legislatura. \u201cPara que dejemos de hablar de una sociedad m\u00e1s justa e inclusiva y hagamos algo todos los d\u00edas\u201d, agreg\u00f3 la legisladora. Y determin\u00f3: \u201ceste es el camino a una sociedad m\u00e1s justa, inclusiva e igualitaria.<\/p>\n<p>Es sin duda la \u00fanica posibilidad de habitar mejor este mundo y en el que todos y todas tenemos derecho a estar\u201d A su turno, Oliv\u00e1n agradeci\u00f3 al Palacio Legislativo y cont\u00f3 c\u00f3mo naci\u00f3 \u201cChat de Mamis\u201d, la iniciativa que calific\u00f3 como \u201cun intento de acompa\u00f1amiento\u201d. Luego pidi\u00f3 por la capacitaci\u00f3n docente sobre el tema. \u201cSigamos armando redes, difundiendo todo lo que sabemos, ayudando al que podemos y al que tenemos cerca. Y sigamos tir\u00e1ndonos herramientas y tips para poder hacer de esta una sociedad m\u00e1s justa\u201d, pidi\u00f3 la periodista.<\/p>\n<p>Luego Rattazzi felicit\u00f3 a Oliv\u00e1n por la menci\u00f3n y rememor\u00f3 c\u00f3mo la conoci\u00f3. \u201cEn este \u00e1mbito particular, cuando hablamos de este tipo de neurodivergencia, son las barreras que m\u00e1s operan para impedir que las personas que tienen autismo o cualquier neurodivergencia puedan ejercer plenamente sus derechos\u201d, sentenci\u00f3 la especialista. Y abog\u00f3 por sociedades donde se ejerzan plenamente los derechos humanos por parte de todas las personas.<\/p>\n<p>\u201cEsto es un norte muy claro a seguir\u201d, concluy\u00f3. La conductora cuenta en primera persona su experiencia como mam\u00e1 de Antonio, un ni\u00f1o con trastorno del espectro autista (TEA). \u201cChat de mamis\u201d es un espacio de encuentro entre madres y padres, un lugar de consulta a los mejores especialistas en el \u00e1rea de Argentina y el mundo. El podcast puede encontrarse en la plataforma Spotify, y los cap\u00edtulos se pueden leer en su sitio www.borderperiodismo.com.<\/p>\n<p>Luego de contar que Antonio ten\u00eda TEA, muchas madres se comunicaron con ella con diversas inquietudes y, tras cuatro a\u00f1os de compartir de manera informal su experiencia, cre\u00f3 este podcast, donde comparte todo su conocimiento sobre la materia. \u201cChat de mamis\u201d es el b\u00e1lsamo que calma el d\u00eda, que da un freno a la locura y da esperanza. No es solo para mam\u00e1s y pap\u00e1s con chicos con TEA, es un chat que ayuda a todos y todas, siempre bajo la certeza de que no existe el manual que nos diga c\u00f3mo criar a nuestros hijos.<\/p>\n","protected":false},"excerpt":{"rendered":"<p>El Cuerpo Legislativo declar\u00f3 de inter\u00e9s para la Comunicaci\u00f3n Social de la Ciudad al podcast \u201cChat de Mamis\u201d, conducido por la periodista Mar\u00eda Julia Oliv\u00e1n. El acto se desarroll\u00f3 el pasado viernes, en el Sal\u00f3n Dorado. Y cont\u00f3 con la presencia de la legisladora porte\u00f1a y autora del proyecto Mar\u00eda Cecilia Ferrero, la psiquiatra infanto-juvenil [&hellip;]<\/p>\n","protected":false},"author":2,"featured_media":41522,"comment_status":"open","ping_status":"open","sticky":false,"template":"","format":"standard","meta":{"_et_pb_use_builder":"","_et_pb_old_content":"","_et_gb_content_width":"","footnotes":""},"categories":[11,33],"tags":[],"class_list":["post-41521","post","type-post","status-publish","format-standard","has-post-thumbnail","hentry","category-ciudad","category-sociedad-y-cultura-2"],"_links":{"self":[{"href":"https:\/\/vocesdebaires.com.ar\/index.php\/wp-json\/wp\/v2\/posts\/41521"}],"collection":[{"href":"https:\/\/vocesdebaires.com.ar\/index.php\/wp-json\/wp\/v2\/posts"}],"about":[{"href":"https:\/\/vocesdebaires.com.ar\/index.php\/wp-json\/wp\/v2\/types\/post"}],"author":[{"embeddable":true,"href":"https:\/\/vocesdebaires.com.ar\/index.php\/wp-json\/wp\/v2\/users\/2"}],"replies":[{"embeddable":true,"href":"https:\/\/vocesdebaires.com.ar\/index.php\/wp-json\/wp\/v2\/comments?post=41521"}],"version-history":[{"count":1,"href":"https:\/\/vocesdebaires.com.ar\/index.php\/wp-json\/wp\/v2\/posts\/41521\/revisions"}],"predecessor-version":[{"id":41523,"href":"https:\/\/vocesdebaires.com.ar\/index.php\/wp-json\/wp\/v2\/posts\/41521\/revisions\/41523"}],"wp:featuredmedia":[{"embeddable":true,"href":"https:\/\/vocesdebaires.com.ar\/index.php\/wp-json\/wp\/v2\/media\/41522"}],"wp:attachment":[{"href":"https:\/\/vocesdebaires.com.ar\/index.php\/wp-json\/wp\/v2\/media?parent=41521"}],"wp:term":[{"taxonomy":"category","embeddable":true,"href":"https:\/\/vocesdebaires.com.ar\/index.php\/wp-json\/wp\/v2\/categories?post=41521"},{"taxonomy":"post_tag","embeddable":true,"href":"https:\/\/vocesdebaires.com.ar\/index.php\/wp-json\/wp\/v2\/tags?post=41521"}],"curies":[{"name":"wp","href":"https:\/\/api.w.org\/{rel}","templated":true}]}}