{"id":41540,"date":"2022-11-29T00:33:34","date_gmt":"2022-11-29T03:33:34","guid":{"rendered":"https:\/\/vocesdebaires.com.ar\/?p=41540"},"modified":"2022-11-29T00:33:34","modified_gmt":"2022-11-29T03:33:34","slug":"la-ciudad-inaugura-su-brigada-de-incendios-forestales","status":"publish","type":"post","link":"https:\/\/vocesdebaires.com.ar\/index.php\/2022\/11\/29\/la-ciudad-inaugura-su-brigada-de-incendios-forestales\/","title":{"rendered":"La Ciudad inaugura su Brigada de Incendios Forestales"},"content":{"rendered":"<p>La Ciudad de Buenos Aires tendr\u00e1 desde el lunes su primera Brigada de Incendios Forestales (BIF), una nueva especialidad de Bomberos de la Ciudad para la protecci\u00f3n de las tres reservas naturales que tiene el territorio porte\u00f1o. Adem\u00e1s, este nuevo sector quedar\u00e1 a disposici\u00f3n para colaborar con otras provincias, en el marco del Plan Nacional del Manejo del Fuego.<\/p>\n<p>Trabajaron para su coordinaci\u00f3n, la Secretar\u00eda de Ambiente de la Ciudad, la Subsecretar\u00eda de Emergencias, el cuerpo de Bomberos de la Ciudad, el Instituto Superior de Seguridad P\u00fablica (ISSP) y la direcci\u00f3n de la Reserva Ecol\u00f3gica. La BIF tendr\u00e1 su base en la Reserva Ecol\u00f3gica Costanera Sur, que con sus 350 hect\u00e1reas es la m\u00e1s grande de la Ciudad, pero tambi\u00e9n dar\u00e1 protecci\u00f3n a las otras dos reservas, en Lugano (35 hect\u00e1reas) y Costanera Norte (23 ha), todas con flora aut\u00f3ctona pampeana.<\/p>\n<p>La iniciativa de la creaci\u00f3n de esa brigada especial tuvo su impulso tras la contribuci\u00f3n de integrantes del Cuerpo de Bomberos de la Ciudad y de su Grupo Especial de Rescate (GER), en el combate a los incendios en campos de la provincia de Corrientes, en los primeros meses de este a\u00f1o. El paso posterior fue la apertura de un registro para bomberos interesados en la especializaci\u00f3n, que realizaron desde el 31 de octubre al 25 de noviembre el curso en la Reserva Ecol\u00f3gica Costanera Sur, en la sede del Instituto Superior de Seguridad P\u00fablica (ISSP) y en el hospital Malbr\u00e1n, con trabajos pr\u00e1cticos e instrucci\u00f3n te\u00f3rica.<\/p>\n<p>Los bomberos realizaron una especializaci\u00f3n sobre el manejo y coordinaci\u00f3n de herramientas en progresivo, nuevas modalidades de combate de incendios forestales, entrenamiento en primero auxilios, trabajos con motosierras y motobombas, y pr\u00e1cticas sobre aproximaci\u00f3n y normas de seguridad para las brigadas helitransportadas. Adem\u00e1s, se cambi\u00f3 la perspectiva de c\u00f3mo mirar al fuego, que no sea un enemigo sino una herramienta, y se hizo un exigente trabajo f\u00edsico. Uno de los puntos destacados fue el trabajo conjunto con bi\u00f3logos y ambientalistas sobre el control de incendios pero tambi\u00e9n c\u00f3mo cuidar la flora aut\u00f3ctona, sabiendo extraer la flora ex\u00f3tica invasiva.<\/p>\n<p>Este es un cambio de concepto a nivel mundial, ya que los combatientes forestales, adem\u00e1s de bomberos son personal de gesti\u00f3n y conservaci\u00f3n ambiental. Por ejemplo, en las tareas de zapado en progresivo que hacen en los cursos de preparaci\u00f3n, con la ayuda de especialistas de ciencias naturales, los bomberos sumaron conocimiento para sacar flora ex\u00f3tica, cuidando las especies aut\u00f3ctonas. En cuanto a los integrantes de la BIF, unos 22 efectivos recibieron la aprobaci\u00f3n del curso y 6 de ellos son mujeres.<\/p>\n","protected":false},"excerpt":{"rendered":"<p>La Ciudad de Buenos Aires tendr\u00e1 desde el lunes su primera Brigada de Incendios Forestales (BIF), una nueva especialidad de Bomberos de la Ciudad para la protecci\u00f3n de las tres reservas naturales que tiene el territorio porte\u00f1o. Adem\u00e1s, este nuevo sector quedar\u00e1 a disposici\u00f3n para colaborar con otras provincias, en el marco del Plan Nacional [&hellip;]<\/p>\n","protected":false},"author":2,"featured_media":41410,"comment_status":"open","ping_status":"open","sticky":false,"template":"","format":"standard","meta":{"_et_pb_use_builder":"","_et_pb_old_content":"","_et_gb_content_width":"","footnotes":""},"categories":[11,33],"tags":[],"class_list":["post-41540","post","type-post","status-publish","format-standard","has-post-thumbnail","hentry","category-ciudad","category-sociedad-y-cultura-2"],"_links":{"self":[{"href":"https:\/\/vocesdebaires.com.ar\/index.php\/wp-json\/wp\/v2\/posts\/41540"}],"collection":[{"href":"https:\/\/vocesdebaires.com.ar\/index.php\/wp-json\/wp\/v2\/posts"}],"about":[{"href":"https:\/\/vocesdebaires.com.ar\/index.php\/wp-json\/wp\/v2\/types\/post"}],"author":[{"embeddable":true,"href":"https:\/\/vocesdebaires.com.ar\/index.php\/wp-json\/wp\/v2\/users\/2"}],"replies":[{"embeddable":true,"href":"https:\/\/vocesdebaires.com.ar\/index.php\/wp-json\/wp\/v2\/comments?post=41540"}],"version-history":[{"count":1,"href":"https:\/\/vocesdebaires.com.ar\/index.php\/wp-json\/wp\/v2\/posts\/41540\/revisions"}],"predecessor-version":[{"id":41541,"href":"https:\/\/vocesdebaires.com.ar\/index.php\/wp-json\/wp\/v2\/posts\/41540\/revisions\/41541"}],"wp:featuredmedia":[{"embeddable":true,"href":"https:\/\/vocesdebaires.com.ar\/index.php\/wp-json\/wp\/v2\/media\/41410"}],"wp:attachment":[{"href":"https:\/\/vocesdebaires.com.ar\/index.php\/wp-json\/wp\/v2\/media?parent=41540"}],"wp:term":[{"taxonomy":"category","embeddable":true,"href":"https:\/\/vocesdebaires.com.ar\/index.php\/wp-json\/wp\/v2\/categories?post=41540"},{"taxonomy":"post_tag","embeddable":true,"href":"https:\/\/vocesdebaires.com.ar\/index.php\/wp-json\/wp\/v2\/tags?post=41540"}],"curies":[{"name":"wp","href":"https:\/\/api.w.org\/{rel}","templated":true}]}}