{"id":41542,"date":"2022-11-29T00:40:47","date_gmt":"2022-11-29T03:40:47","guid":{"rendered":"https:\/\/vocesdebaires.com.ar\/?p=41542"},"modified":"2022-11-29T00:40:47","modified_gmt":"2022-11-29T03:40:47","slug":"se-declaro-de-interes-el-libro-regimen-migratorio-y-de-ciudadania-argentino","status":"publish","type":"post","link":"https:\/\/vocesdebaires.com.ar\/index.php\/2022\/11\/29\/se-declaro-de-interes-el-libro-regimen-migratorio-y-de-ciudadania-argentino\/","title":{"rendered":"Se declar\u00f3 de Inter\u00e9s el libro \u00abR\u00e9gimen Migratorio y de Ciudadan\u00eda Argentino\u00bb"},"content":{"rendered":"<p>El Cuerpo Legislativo de la Ciudad declar\u00f3 de Inter\u00e9s al libro \u00abR\u00e9gimen Migratorio y de Ciudadan\u00eda Argentino\u00bb, de Maria Florencia Zicavo, Luis Alejandro Guasti, Vanesa Contreras Molina y Carolina Dimarco. El acto, que se celebr\u00f3 en el sal\u00f3n Hip\u00f3lito Yrigoyen, cont\u00f3 con la presencia del legislador e impulsor de la iniciativa Mat\u00edas L\u00f3pez (VJ), el juez de C\u00e1mara en lo Contencioso Administrativo Federal de la Sala I Dr. Rodolfo Facio y los autores.En el comienzo de las alocuciones, L\u00f3pez destac\u00f3 la importancia de la obra, que cuenta con informaci\u00f3n \u201cque estaba dispersa por distintos lugares y hab\u00eda que irla buceando. A su vez resalt\u00f3 el acompa\u00f1amiento del derecho a la migraci\u00f3n.<\/p>\n<p>Y concluy\u00f3: \u201ceste libro visibiliza un derecho en un pa\u00eds con una historia de migraci\u00f3n enorme. Y en una ciudad con m\u00e1s de 110 colectividades, que mantienen su cultura y tradici\u00f3n viva y tambi\u00e9n son los que tratan de ayudar o hacer m\u00e1s grata a sus compatriotas que pisan nuestro suelo\u201d. Luego, Zicavo cont\u00f3 c\u00f3mo fue que surgi\u00f3 la obra: \u201cdurante cuatro a\u00f1os trabajamos a la salida de nuestros trabajos sin excepci\u00f3n, para darle forma a lo que hoy tenemos en nuestras manos y compartimos con mucha alegr\u00eda\u201d. El objetiv\u00f3, agreg\u00f3, es el de instaurar este derecho como una rama del derecho p\u00fablico \u201cque debe formar parte de nuestro sistema, tanto educativo como cultural y social\u201d. Y calific\u00f3 al libro como el punto de partida para que \u201ceste derecho se conozca, se lea, se ense\u00f1e, se siga escribiendo y se repiense\u201d.<\/p>\n<p>Por \u00faltimo, Facio agradeci\u00f3 la invitaci\u00f3n al acto en la Legislatura y subray\u00f3 c\u00f3mo el libro \u201cnos muestra c\u00f3mo funciona ese derecho constitucional, administrativo y el derecho internacional de los Derechos Humanos\u201d. Y cerr\u00f3: \u201ces completo y profundo, en la informaci\u00f3n que nos brinda y en los puntos de vista que nos ofrece. Y es interesante porque necesariamente nos hace reflexionar\u201d.\u00bbR\u00e9gimen Migratorio y de Ciudadan\u00eda Argentino\u00bb es el primer libro en el pa\u00eds en tratar la materia. En \u00e9l hay una explicaci\u00f3n sucinta, completa y detallada de todo el r\u00e9gimen migratorio argentino y de ciudadan\u00eda para saber cu\u00e1l es la situaci\u00f3n de un inmigrante en cada caso concreto y cu\u00e1les son las respuestas que brinda nuestro sistema de normas, principios y jurisprudencia.<\/p>\n<p>En las p\u00e1ginas de esta obra se podr\u00e1n encontrar explicaciones y comentarios sobre las distintas circunstancias legales que puede atravesar un inmigrante dentro del pa\u00eds. Tales como residencias, impedimentos, cancelaci\u00f3n de residencias, dispensas, \u00f3rdenes de expulsi\u00f3n, recursos administrativos y judiciales ante medidas adoptadas por la Direcci\u00f3n Nacional de Migraciones, \u00f3rdenes de retenci\u00f3n, extra\u00f1amientos, cartas de ciudadan\u00eda y todo lo atinente para conocer los derechos y resolver, de requerirse, las situaciones que se susciten con las personas extranjeras desde el momento en que ingresan al territorio nacional.<\/p>\n","protected":false},"excerpt":{"rendered":"<p>El Cuerpo Legislativo de la Ciudad declar\u00f3 de Inter\u00e9s al libro \u00abR\u00e9gimen Migratorio y de Ciudadan\u00eda Argentino\u00bb, de Maria Florencia Zicavo, Luis Alejandro Guasti, Vanesa Contreras Molina y Carolina Dimarco. El acto, que se celebr\u00f3 en el sal\u00f3n Hip\u00f3lito Yrigoyen, cont\u00f3 con la presencia del legislador e impulsor de la iniciativa Mat\u00edas L\u00f3pez (VJ), el [&hellip;]<\/p>\n","protected":false},"author":2,"featured_media":41543,"comment_status":"open","ping_status":"open","sticky":false,"template":"","format":"standard","meta":{"_et_pb_use_builder":"","_et_pb_old_content":"","_et_gb_content_width":"","footnotes":""},"categories":[11,33],"tags":[],"class_list":["post-41542","post","type-post","status-publish","format-standard","has-post-thumbnail","hentry","category-ciudad","category-sociedad-y-cultura-2"],"_links":{"self":[{"href":"https:\/\/vocesdebaires.com.ar\/index.php\/wp-json\/wp\/v2\/posts\/41542"}],"collection":[{"href":"https:\/\/vocesdebaires.com.ar\/index.php\/wp-json\/wp\/v2\/posts"}],"about":[{"href":"https:\/\/vocesdebaires.com.ar\/index.php\/wp-json\/wp\/v2\/types\/post"}],"author":[{"embeddable":true,"href":"https:\/\/vocesdebaires.com.ar\/index.php\/wp-json\/wp\/v2\/users\/2"}],"replies":[{"embeddable":true,"href":"https:\/\/vocesdebaires.com.ar\/index.php\/wp-json\/wp\/v2\/comments?post=41542"}],"version-history":[{"count":1,"href":"https:\/\/vocesdebaires.com.ar\/index.php\/wp-json\/wp\/v2\/posts\/41542\/revisions"}],"predecessor-version":[{"id":41544,"href":"https:\/\/vocesdebaires.com.ar\/index.php\/wp-json\/wp\/v2\/posts\/41542\/revisions\/41544"}],"wp:featuredmedia":[{"embeddable":true,"href":"https:\/\/vocesdebaires.com.ar\/index.php\/wp-json\/wp\/v2\/media\/41543"}],"wp:attachment":[{"href":"https:\/\/vocesdebaires.com.ar\/index.php\/wp-json\/wp\/v2\/media?parent=41542"}],"wp:term":[{"taxonomy":"category","embeddable":true,"href":"https:\/\/vocesdebaires.com.ar\/index.php\/wp-json\/wp\/v2\/categories?post=41542"},{"taxonomy":"post_tag","embeddable":true,"href":"https:\/\/vocesdebaires.com.ar\/index.php\/wp-json\/wp\/v2\/tags?post=41542"}],"curies":[{"name":"wp","href":"https:\/\/api.w.org\/{rel}","templated":true}]}}