{"id":41545,"date":"2022-11-29T00:45:10","date_gmt":"2022-11-29T03:45:10","guid":{"rendered":"https:\/\/vocesdebaires.com.ar\/?p=41545"},"modified":"2022-11-29T00:45:10","modified_gmt":"2022-11-29T03:45:10","slug":"legislatura-portenadoble-distincion-a-las-ciencias-medicas","status":"publish","type":"post","link":"https:\/\/vocesdebaires.com.ar\/index.php\/2022\/11\/29\/legislatura-portenadoble-distincion-a-las-ciencias-medicas\/","title":{"rendered":"Legislatura porte\u00f1a:Doble distinci\u00f2n a las ciencias m\u00e8dicas"},"content":{"rendered":"<p>Ayer lunes por la tarde en el Sal\u00f3n Dorado, la Legislatura entreg\u00f3 reconocimientos hacia Jacques Marescaux y al Congreso Internacional de la Fundaci\u00f3n DAICIM. Ambas distinciones fueron impulsadas por la legisladora porte\u00f1a Mar\u00eda Sol M\u00e9ndez (VJ). El m\u00e9dico, cirujano y profesor franc\u00e9s Marescaux fue reconocido como Hu\u00e9sped de Honor de la Ciudad por su trayectoria y su aporte a la medicina. \u201cEstamos declarando a un m\u00e9dico que aplic\u00f3 todo su conocimiento a la tecnolog\u00eda para poder mejorar la calidad de vida al mundo, a todos nosotros\u201d, subray\u00f3 la legisladora. La Fundaci\u00f3n DAICIM recibi\u00f3 su diploma que destaca su Congreso de Inter\u00e9s para las Ciencias M\u00e9dicas, en mano de su presidente, Mariano Gim\u00e9nez. \u201cEs un honor enorme recibir este reconocimiento, porque est\u00e1 pensado para el sistema de salud argentino y tambi\u00e9n para los m\u00e9dicos de Am\u00e9rica Latina\u201d, declar\u00f3 el profesor titular de cirug\u00eda de la Universidad de Buenos Aires.<\/p>\n","protected":false},"excerpt":{"rendered":"<p>Ayer lunes por la tarde en el Sal\u00f3n Dorado, la Legislatura entreg\u00f3 reconocimientos hacia Jacques Marescaux y al Congreso Internacional de la Fundaci\u00f3n DAICIM. Ambas distinciones fueron impulsadas por la legisladora porte\u00f1a Mar\u00eda Sol M\u00e9ndez (VJ). El m\u00e9dico, cirujano y profesor franc\u00e9s Marescaux fue reconocido como Hu\u00e9sped de Honor de la Ciudad por su trayectoria [&hellip;]<\/p>\n","protected":false},"author":2,"featured_media":41546,"comment_status":"open","ping_status":"open","sticky":false,"template":"","format":"standard","meta":{"_et_pb_use_builder":"","_et_pb_old_content":"","_et_gb_content_width":"","footnotes":""},"categories":[11,33],"tags":[],"class_list":["post-41545","post","type-post","status-publish","format-standard","has-post-thumbnail","hentry","category-ciudad","category-sociedad-y-cultura-2"],"_links":{"self":[{"href":"https:\/\/vocesdebaires.com.ar\/index.php\/wp-json\/wp\/v2\/posts\/41545"}],"collection":[{"href":"https:\/\/vocesdebaires.com.ar\/index.php\/wp-json\/wp\/v2\/posts"}],"about":[{"href":"https:\/\/vocesdebaires.com.ar\/index.php\/wp-json\/wp\/v2\/types\/post"}],"author":[{"embeddable":true,"href":"https:\/\/vocesdebaires.com.ar\/index.php\/wp-json\/wp\/v2\/users\/2"}],"replies":[{"embeddable":true,"href":"https:\/\/vocesdebaires.com.ar\/index.php\/wp-json\/wp\/v2\/comments?post=41545"}],"version-history":[{"count":1,"href":"https:\/\/vocesdebaires.com.ar\/index.php\/wp-json\/wp\/v2\/posts\/41545\/revisions"}],"predecessor-version":[{"id":41547,"href":"https:\/\/vocesdebaires.com.ar\/index.php\/wp-json\/wp\/v2\/posts\/41545\/revisions\/41547"}],"wp:featuredmedia":[{"embeddable":true,"href":"https:\/\/vocesdebaires.com.ar\/index.php\/wp-json\/wp\/v2\/media\/41546"}],"wp:attachment":[{"href":"https:\/\/vocesdebaires.com.ar\/index.php\/wp-json\/wp\/v2\/media?parent=41545"}],"wp:term":[{"taxonomy":"category","embeddable":true,"href":"https:\/\/vocesdebaires.com.ar\/index.php\/wp-json\/wp\/v2\/categories?post=41545"},{"taxonomy":"post_tag","embeddable":true,"href":"https:\/\/vocesdebaires.com.ar\/index.php\/wp-json\/wp\/v2\/tags?post=41545"}],"curies":[{"name":"wp","href":"https:\/\/api.w.org\/{rel}","templated":true}]}}