{"id":41548,"date":"2022-11-29T00:51:37","date_gmt":"2022-11-29T03:51:37","guid":{"rendered":"https:\/\/vocesdebaires.com.ar\/?p=41548"},"modified":"2022-11-29T01:00:42","modified_gmt":"2022-11-29T04:00:42","slug":"la-ciudadhomenajearon-a-los-bomberos-fallecidos-en-villa-crespo","status":"publish","type":"post","link":"https:\/\/vocesdebaires.com.ar\/index.php\/2022\/11\/29\/la-ciudadhomenajearon-a-los-bomberos-fallecidos-en-villa-crespo\/","title":{"rendered":"La ciudad:Homenajearon a los bomberos fallecidos en Villa Crespo"},"content":{"rendered":"<p>Familiares de Ariel Gast\u00f3n V\u00e1zquez y Maximiliano Firma Paz recibieron ayer lunes el diploma de Honor al Valor por la destacada actuaci\u00f3n de los bomberos al servicio de la comunidad frente al incendio del 2 de junio de 2020 en la avenida Corrientes. La legisladora porte\u00f1a Luc\u00eda Romano (VJ) fue la autora del proyecto, que acompa\u00f1\u00f3 el legislador por la ciudad Daniel Del Sol (VJ).<br \/>\nCon la presencia de autoridades del Cuerpo de Bomberos de la Ciudad, de Emergencias de la Ciudad y del Sistema de Atenci\u00f3n M\u00e9dica de Emergencias (SAME), la legisladora encabez\u00f3 el evento en homenaje a los dos h\u00e9roes que dieron su vida en el cumplimiento de su misi\u00f3n.<\/p>\n<p>Tal como indica el art\u00edculo 8\u00b0 de la ley 578, \u201cla Legislatura de la Ciudad Aut\u00f3noma de Buenos Aires entregar\u00e1 anualmente un Diploma de Honor a personas que se hayan destacado por realizar un acto de valor o arrojo en beneficio de la comunidad\u201d. \u201cMaximiliano y Ariel son ejemplos de personas comprometidas con sus deberes de manera inquebrantable hasta el \u00faltimo minuto de sus vidas. Ellos representan mejor que nadie esa valent\u00eda, generosidad y entrega absoluta por el bien com\u00fan\u201d, asegur\u00f3 la legisladora Romano.<\/p>\n","protected":false},"excerpt":{"rendered":"<p>Familiares de Ariel Gast\u00f3n V\u00e1zquez y Maximiliano Firma Paz recibieron ayer lunes el diploma de Honor al Valor por la destacada actuaci\u00f3n de los bomberos al servicio de la comunidad frente al incendio del 2 de junio de 2020 en la avenida Corrientes. La legisladora porte\u00f1a Luc\u00eda Romano (VJ) fue la autora del proyecto, que [&hellip;]<\/p>\n","protected":false},"author":2,"featured_media":41549,"comment_status":"open","ping_status":"open","sticky":false,"template":"","format":"standard","meta":{"_et_pb_use_builder":"","_et_pb_old_content":"","_et_gb_content_width":"","footnotes":""},"categories":[11,33],"tags":[],"class_list":["post-41548","post","type-post","status-publish","format-standard","has-post-thumbnail","hentry","category-ciudad","category-sociedad-y-cultura-2"],"_links":{"self":[{"href":"https:\/\/vocesdebaires.com.ar\/index.php\/wp-json\/wp\/v2\/posts\/41548"}],"collection":[{"href":"https:\/\/vocesdebaires.com.ar\/index.php\/wp-json\/wp\/v2\/posts"}],"about":[{"href":"https:\/\/vocesdebaires.com.ar\/index.php\/wp-json\/wp\/v2\/types\/post"}],"author":[{"embeddable":true,"href":"https:\/\/vocesdebaires.com.ar\/index.php\/wp-json\/wp\/v2\/users\/2"}],"replies":[{"embeddable":true,"href":"https:\/\/vocesdebaires.com.ar\/index.php\/wp-json\/wp\/v2\/comments?post=41548"}],"version-history":[{"count":2,"href":"https:\/\/vocesdebaires.com.ar\/index.php\/wp-json\/wp\/v2\/posts\/41548\/revisions"}],"predecessor-version":[{"id":41552,"href":"https:\/\/vocesdebaires.com.ar\/index.php\/wp-json\/wp\/v2\/posts\/41548\/revisions\/41552"}],"wp:featuredmedia":[{"embeddable":true,"href":"https:\/\/vocesdebaires.com.ar\/index.php\/wp-json\/wp\/v2\/media\/41549"}],"wp:attachment":[{"href":"https:\/\/vocesdebaires.com.ar\/index.php\/wp-json\/wp\/v2\/media?parent=41548"}],"wp:term":[{"taxonomy":"category","embeddable":true,"href":"https:\/\/vocesdebaires.com.ar\/index.php\/wp-json\/wp\/v2\/categories?post=41548"},{"taxonomy":"post_tag","embeddable":true,"href":"https:\/\/vocesdebaires.com.ar\/index.php\/wp-json\/wp\/v2\/tags?post=41548"}],"curies":[{"name":"wp","href":"https:\/\/api.w.org\/{rel}","templated":true}]}}