{"id":41554,"date":"2022-11-30T00:07:09","date_gmt":"2022-11-30T03:07:09","guid":{"rendered":"https:\/\/vocesdebaires.com.ar\/?p=41554"},"modified":"2022-11-30T00:07:09","modified_gmt":"2022-11-30T03:07:09","slug":"ciudadhomenaje-al-fallecido-politologo-guillermo-odonnell","status":"publish","type":"post","link":"https:\/\/vocesdebaires.com.ar\/index.php\/2022\/11\/30\/ciudadhomenaje-al-fallecido-politologo-guillermo-odonnell\/","title":{"rendered":"Ciudad:Homenaje al fallecido polit\u00f3logo Guillermo O&#8217;Donnell"},"content":{"rendered":"<p>Guillermo O\u2019Donnell, declarado Ciudadano Ilustre en 2009, ser\u00e1 recordado por sus contribuciones te\u00f3ricas en el estudio sobre el Estado, el autoritarismo, la democracia y la institucionalidad en los pa\u00edses de Am\u00e9rica Latina. Reconocido en el \u00e1mbito acad\u00e9mico local, regional e internacional donde se destacaron tanto sus aportes a la investigaci\u00f3n y al conocimiento como su compromiso con la democracia frente a los reg\u00edmenes autoritarios presentes en Am\u00e9rica Latina en las \u00faltimas d\u00e9cadas. Ley 4962. Sancionada el 15 de mayo de 2014, publicada en el Bolet\u00edn Oficial de la Ciudad Nro. 4415 del 11 de junio de 2014<\/p>\n","protected":false},"excerpt":{"rendered":"<p>Guillermo O\u2019Donnell, declarado Ciudadano Ilustre en 2009, ser\u00e1 recordado por sus contribuciones te\u00f3ricas en el estudio sobre el Estado, el autoritarismo, la democracia y la institucionalidad en los pa\u00edses de Am\u00e9rica Latina. Reconocido en el \u00e1mbito acad\u00e9mico local, regional e internacional donde se destacaron tanto sus aportes a la investigaci\u00f3n y al conocimiento como su [&hellip;]<\/p>\n","protected":false},"author":2,"featured_media":41555,"comment_status":"open","ping_status":"open","sticky":false,"template":"","format":"standard","meta":{"_et_pb_use_builder":"","_et_pb_old_content":"","_et_gb_content_width":"","footnotes":""},"categories":[34,33],"tags":[],"class_list":["post-41554","post","type-post","status-publish","format-standard","has-post-thumbnail","hentry","category-politica","category-sociedad-y-cultura-2"],"_links":{"self":[{"href":"https:\/\/vocesdebaires.com.ar\/index.php\/wp-json\/wp\/v2\/posts\/41554"}],"collection":[{"href":"https:\/\/vocesdebaires.com.ar\/index.php\/wp-json\/wp\/v2\/posts"}],"about":[{"href":"https:\/\/vocesdebaires.com.ar\/index.php\/wp-json\/wp\/v2\/types\/post"}],"author":[{"embeddable":true,"href":"https:\/\/vocesdebaires.com.ar\/index.php\/wp-json\/wp\/v2\/users\/2"}],"replies":[{"embeddable":true,"href":"https:\/\/vocesdebaires.com.ar\/index.php\/wp-json\/wp\/v2\/comments?post=41554"}],"version-history":[{"count":2,"href":"https:\/\/vocesdebaires.com.ar\/index.php\/wp-json\/wp\/v2\/posts\/41554\/revisions"}],"predecessor-version":[{"id":41557,"href":"https:\/\/vocesdebaires.com.ar\/index.php\/wp-json\/wp\/v2\/posts\/41554\/revisions\/41557"}],"wp:featuredmedia":[{"embeddable":true,"href":"https:\/\/vocesdebaires.com.ar\/index.php\/wp-json\/wp\/v2\/media\/41555"}],"wp:attachment":[{"href":"https:\/\/vocesdebaires.com.ar\/index.php\/wp-json\/wp\/v2\/media?parent=41554"}],"wp:term":[{"taxonomy":"category","embeddable":true,"href":"https:\/\/vocesdebaires.com.ar\/index.php\/wp-json\/wp\/v2\/categories?post=41554"},{"taxonomy":"post_tag","embeddable":true,"href":"https:\/\/vocesdebaires.com.ar\/index.php\/wp-json\/wp\/v2\/tags?post=41554"}],"curies":[{"name":"wp","href":"https:\/\/api.w.org\/{rel}","templated":true}]}}