{"id":41558,"date":"2022-11-30T00:11:33","date_gmt":"2022-11-30T03:11:33","guid":{"rendered":"https:\/\/vocesdebaires.com.ar\/?p=41558"},"modified":"2022-11-30T00:11:33","modified_gmt":"2022-11-30T03:11:33","slug":"la-organizacion-madres-victimas-de-trata-declarada-de-interes","status":"publish","type":"post","link":"https:\/\/vocesdebaires.com.ar\/index.php\/2022\/11\/30\/la-organizacion-madres-victimas-de-trata-declarada-de-interes\/","title":{"rendered":"La organizaci\u00f3n \u201cMadres V\u00edctimas de Trata\u201d ,declarada de Inter\u00e9s"},"content":{"rendered":"<p>Ayer martes, en el Sal\u00f3n Presidente Alfons\u00edn, la organizaci\u00f3n \u201cMadres V\u00edctimas de Trata\u201d fue declarada de Inter\u00e9s para la Promoci\u00f3n y Defensa de los Derechos de v\u00edctimas y sobrevivientes del delito de trata de personas tras el proyecto de la legisladora porte\u00f1a Manuela Thourte (UCR\/E). La organizaci\u00f3n define su objetivo en la \u201ccontenci\u00f3n y acompa\u00f1amiento psicol\u00f3gico y social al momento de realizar la denuncia y b\u00fasqueda de las j\u00f3venes, as\u00ed como el trabajo de investigaci\u00f3n y seguimiento de las causas en todo su proceso: desde atender un llamado hasta iniciar una querella\u201d.<\/p>\n<p>\u201cNos pareci\u00f3 una muy buena iniciativa para reconocer el trabajo que hace la asociaci\u00f3n en tratar de concientizar sobre esta problem\u00e1tica y poner en agenda el trabajo que hacen con las v\u00edctimas y sus familias\u201d, sostuvo la legisladora Thourte, que estuvo acompa\u00f1ada por Pamela Malewicz, subsecretaria de Derechos Humanos y Pluralismo Cultural de la Ciudad. Marcela Cano es la abogada de \u201cMadres V\u00edctimas de Trata\u201d y desde su rol manifest\u00f3: \u201cEsta declaraci\u00f3n es un mimo a exhortarlas a que sigamos en este trabajo que es arduo, a poder hacer redes y lazos que nos ayuden a combatir esto porque si el delito de trata no se ataca, se arraiga, y necesitamos combatirlo\u201d. Por su parte, Margarita Meira, como una de las referentes de la organizaci\u00f3n, coment\u00f3: \u201cEsto es en nombre de todas las mam\u00e1s de las chicas desaparecidas, asesinadas, suicidadas. Es una lucha muy larga\u201d.<\/p>\n","protected":false},"excerpt":{"rendered":"<p>Ayer martes, en el Sal\u00f3n Presidente Alfons\u00edn, la organizaci\u00f3n \u201cMadres V\u00edctimas de Trata\u201d fue declarada de Inter\u00e9s para la Promoci\u00f3n y Defensa de los Derechos de v\u00edctimas y sobrevivientes del delito de trata de personas tras el proyecto de la legisladora porte\u00f1a Manuela Thourte (UCR\/E). La organizaci\u00f3n define su objetivo en la \u201ccontenci\u00f3n y acompa\u00f1amiento [&hellip;]<\/p>\n","protected":false},"author":2,"featured_media":41559,"comment_status":"open","ping_status":"open","sticky":false,"template":"","format":"standard","meta":{"_et_pb_use_builder":"","_et_pb_old_content":"","_et_gb_content_width":"","footnotes":""},"categories":[11,33],"tags":[],"class_list":["post-41558","post","type-post","status-publish","format-standard","has-post-thumbnail","hentry","category-ciudad","category-sociedad-y-cultura-2"],"_links":{"self":[{"href":"https:\/\/vocesdebaires.com.ar\/index.php\/wp-json\/wp\/v2\/posts\/41558"}],"collection":[{"href":"https:\/\/vocesdebaires.com.ar\/index.php\/wp-json\/wp\/v2\/posts"}],"about":[{"href":"https:\/\/vocesdebaires.com.ar\/index.php\/wp-json\/wp\/v2\/types\/post"}],"author":[{"embeddable":true,"href":"https:\/\/vocesdebaires.com.ar\/index.php\/wp-json\/wp\/v2\/users\/2"}],"replies":[{"embeddable":true,"href":"https:\/\/vocesdebaires.com.ar\/index.php\/wp-json\/wp\/v2\/comments?post=41558"}],"version-history":[{"count":1,"href":"https:\/\/vocesdebaires.com.ar\/index.php\/wp-json\/wp\/v2\/posts\/41558\/revisions"}],"predecessor-version":[{"id":41560,"href":"https:\/\/vocesdebaires.com.ar\/index.php\/wp-json\/wp\/v2\/posts\/41558\/revisions\/41560"}],"wp:featuredmedia":[{"embeddable":true,"href":"https:\/\/vocesdebaires.com.ar\/index.php\/wp-json\/wp\/v2\/media\/41559"}],"wp:attachment":[{"href":"https:\/\/vocesdebaires.com.ar\/index.php\/wp-json\/wp\/v2\/media?parent=41558"}],"wp:term":[{"taxonomy":"category","embeddable":true,"href":"https:\/\/vocesdebaires.com.ar\/index.php\/wp-json\/wp\/v2\/categories?post=41558"},{"taxonomy":"post_tag","embeddable":true,"href":"https:\/\/vocesdebaires.com.ar\/index.php\/wp-json\/wp\/v2\/tags?post=41558"}],"curies":[{"name":"wp","href":"https:\/\/api.w.org\/{rel}","templated":true}]}}