{"id":41561,"date":"2022-11-30T00:50:30","date_gmt":"2022-11-30T03:50:30","guid":{"rendered":"https:\/\/vocesdebaires.com.ar\/?p=41561"},"modified":"2022-11-30T00:50:30","modified_gmt":"2022-11-30T03:50:30","slug":"el-cuerpo-legislativo-distinguio-a-karim-makarius-por-su-trayectoria","status":"publish","type":"post","link":"https:\/\/vocesdebaires.com.ar\/index.php\/2022\/11\/30\/el-cuerpo-legislativo-distinguio-a-karim-makarius-por-su-trayectoria\/","title":{"rendered":"El Cuerpo Legislativo distingui\u00f3 a Karim Makarius por su trayectoria"},"content":{"rendered":"<p>El acto se llev\u00f3 a cabo en el Hall de Planta Baja y el Sal\u00f3n Jauretche del Palacio Legislativo durante el d\u00eda de ayer lunes, por la tarde. La iniciativa fue impulsada por la legisladora Mar\u00eda Cecilia Ferrero (JxC). Participaron del evento la legisladora Ferrero (JxC), el artista Karim Makarius, el curador Marcelo Pizarro, la Embajadora de Hungr\u00eda Edit Bucsi Szab\u00f3, la c\u00f3nsul de Egipto Heba Sabry y la Directora General de Relaciones Internacionales y Cooperaci\u00f3n de esta casa Ornella Vancilotta.<\/p>\n<p>La exposici\u00f3n en este Palacio Legislativo se desprende de la muestra \u201cLa imagen generosa\u201d sobre la obra de Sameer Makarius, que se expone en el Museo Nacional del Cabildo y la Revoluci\u00f3n de Mayo. Que cont\u00f3 con la curadur\u00eda de su hijo Karim, de Laura P\u00e9rez Veronesi y Marcelo Pizarro. Plantea un recorrido por el trabajo de Sameer Makarius en Buenos Aires entre 1953 y 1968 e incluye parte de su obra fotogr\u00e1fica, objetos de laboratorio, c\u00e1maras y diversos documentos.<\/p>\n<p>Sameer Makarius fue un artista de tiempo completo. Aunque su rol m\u00e1s conocido fue el de fot\u00f3grafo, tambi\u00e9n fue pintor y realiz\u00f3 pel\u00edculas experimentales. Naci\u00f3 en El Cairo, vivi\u00f3 en Alemania, Hungr\u00eda, Suiza y Argentina. En Europa escap\u00f3 (y ayud\u00f3 a escapar) varias veces del nazismo por su origen jud\u00edo en el marco de la Segunda Guerra Mundial. La legisladora porte\u00f1a Ferraro empatiz\u00f3 con el homenajeado, reconoci\u00e9ndose al igual que \u00e9l como hija de inmigrantes y afirm\u00f3: \u201cesta muestra viene de la mano de un fot\u00f3grafo inmigrante.<\/p>\n<p>Encuentro su mirada esa nostalgia por la Patria que se deja, pero esa pasi\u00f3n por la Patria que acoge. Evidentemente, su mirada sobre la Ciudad de Buenos Aires tuvo algo muy especial que supo retratar y hoy nos deja este legado\u201d. A su vez, destac\u00f3 la obra de padre e hijo. \u201cSu formaci\u00f3n en esa casa tan particular le permiti\u00f3 tener esa sensibilidad y formar su propia carrera, agradezco no solo la obra de difusi\u00f3n que hace a su padre sino su aporte a la cultura que hace a trav\u00e9s de sus manos\u201d, concluy\u00f3 Ferraro.<\/p>\n<p>Por otra parte, Karim Makarius sostuvo: \u201chice hincapi\u00e9 en que haya representantes de Hungr\u00eda y Egipto porque como hijo de inmigrantes tengo mis ra\u00edces muy fuertes. Para m\u00ed es muy conmovedor que mi hogar paterno y materno me acompa\u00f1en\u201d. El autor hizo una retrospectiva sobre los logros alcanzados y se emocion\u00f3: \u201cEste reconocimiento me incentiva a volver a ocuparme de mi propia obra y hacerla conocer. Mi padre no pudo disfrutar todo lo que logr\u00e9 hacer en estos 15 a\u00f1os desde que ellos murieron.<\/p>\n<p>Creo que si mis padres est\u00e1n por alg\u00fan lado, estar\u00edan muy orgullosos de todo lo que se logr\u00f3 hacer\u201d. Para concluir, subray\u00f3 la importancia de democratizar la cultura y garantizar el plano derecho a la ciudadan\u00eda. \u201cLogr\u00e9 movilizar arte en lugares que no est\u00e1n acostumbrados, eso hace que mucha gente tenga la posibilidad de acceder. Es importante que el arte llegue a la mayor cantidad de gente posible. A\u00fan hoy hay quienes tienen verg\u00fcenza y miedo de entrar a un teatro\u201d, sentenci\u00f3.<\/p>\n","protected":false},"excerpt":{"rendered":"<p>El acto se llev\u00f3 a cabo en el Hall de Planta Baja y el Sal\u00f3n Jauretche del Palacio Legislativo durante el d\u00eda de ayer lunes, por la tarde. La iniciativa fue impulsada por la legisladora Mar\u00eda Cecilia Ferrero (JxC). Participaron del evento la legisladora Ferrero (JxC), el artista Karim Makarius, el curador Marcelo Pizarro, la [&hellip;]<\/p>\n","protected":false},"author":2,"featured_media":41562,"comment_status":"open","ping_status":"open","sticky":false,"template":"","format":"standard","meta":{"_et_pb_use_builder":"","_et_pb_old_content":"","_et_gb_content_width":"","footnotes":""},"categories":[11,33],"tags":[],"class_list":["post-41561","post","type-post","status-publish","format-standard","has-post-thumbnail","hentry","category-ciudad","category-sociedad-y-cultura-2"],"_links":{"self":[{"href":"https:\/\/vocesdebaires.com.ar\/index.php\/wp-json\/wp\/v2\/posts\/41561"}],"collection":[{"href":"https:\/\/vocesdebaires.com.ar\/index.php\/wp-json\/wp\/v2\/posts"}],"about":[{"href":"https:\/\/vocesdebaires.com.ar\/index.php\/wp-json\/wp\/v2\/types\/post"}],"author":[{"embeddable":true,"href":"https:\/\/vocesdebaires.com.ar\/index.php\/wp-json\/wp\/v2\/users\/2"}],"replies":[{"embeddable":true,"href":"https:\/\/vocesdebaires.com.ar\/index.php\/wp-json\/wp\/v2\/comments?post=41561"}],"version-history":[{"count":1,"href":"https:\/\/vocesdebaires.com.ar\/index.php\/wp-json\/wp\/v2\/posts\/41561\/revisions"}],"predecessor-version":[{"id":41563,"href":"https:\/\/vocesdebaires.com.ar\/index.php\/wp-json\/wp\/v2\/posts\/41561\/revisions\/41563"}],"wp:featuredmedia":[{"embeddable":true,"href":"https:\/\/vocesdebaires.com.ar\/index.php\/wp-json\/wp\/v2\/media\/41562"}],"wp:attachment":[{"href":"https:\/\/vocesdebaires.com.ar\/index.php\/wp-json\/wp\/v2\/media?parent=41561"}],"wp:term":[{"taxonomy":"category","embeddable":true,"href":"https:\/\/vocesdebaires.com.ar\/index.php\/wp-json\/wp\/v2\/categories?post=41561"},{"taxonomy":"post_tag","embeddable":true,"href":"https:\/\/vocesdebaires.com.ar\/index.php\/wp-json\/wp\/v2\/tags?post=41561"}],"curies":[{"name":"wp","href":"https:\/\/api.w.org\/{rel}","templated":true}]}}