{"id":41567,"date":"2022-11-30T01:00:09","date_gmt":"2022-11-30T04:00:09","guid":{"rendered":"https:\/\/vocesdebaires.com.ar\/?p=41567"},"modified":"2022-11-30T01:00:09","modified_gmt":"2022-11-30T04:00:09","slug":"mundial-qatar-2022nuevo-horario-de-plaza-seeber-es-de-11-a-20","status":"publish","type":"post","link":"https:\/\/vocesdebaires.com.ar\/index.php\/2022\/11\/30\/mundial-qatar-2022nuevo-horario-de-plaza-seeber-es-de-11-a-20\/","title":{"rendered":"Mundial Qatar 2022:Nuevo horario de plaza Seeber es de 11 a 20"},"content":{"rendered":"<p>La plaza tem\u00e1tica del Mundial que instal\u00f3 la Ciudad en Plaza Francisco Seeber (Av. Del Libertador y Av. Sarmiento) cambi\u00f3 su horario a partir de hoy: abre de 11 a 20 debido a que comenz\u00f3 la tercera y \u00faltima fecha de la fase de grupos y todos los partidos se concentran en dos horarios -a las 12 y a las 16-. All\u00ed se pueden ver todos los partidos del Mundial en una pantalla gigante de 18 x 10,24 metros. Desde el 20 de noviembre hasta hoy, m\u00e1s de 90 mil personas pasaron por plaza Seeber para disfrutar del certamen mundialista y vivir las m\u00faltiples experiencias que hay all\u00ed.<\/p>\n<p>Si bien los dos partidos de Argentina fueron los m\u00e1s concurridos, con una cantidad r\u00e9cord el s\u00e1bado pasado con 40 mil personas alentando a la selecci\u00f3n, tambi\u00e9n tiene alta concurrencia cuando juegan Brasil, Uruguay y Ecuador. Otros pa\u00edses tambi\u00e9n han llevado su gente como Jap\u00f3n, Corea, Estados Unidos o Canad\u00e1 entre otros y hasta se ha recibido la vista de personal diplom\u00e1tico de las embajadas ubicadas por la zona para disfrutar del Mundial.<\/p>\n<p>Para poder disfrutar de los partidos, los vecinos deben reservar su lugar a trav\u00e9s Boti, el chatbot de la Ciudad. Mandando un mensaje por WhatsApp con la palabra \u201cmundial\u201d al 11-5050-0147 se desplegar\u00e1n una serie de opciones para elegir: seleccionar la opci\u00f3n \u00abPlaza Mundial\u00bb, luego ir a \u00bb Sacar entradas\u00bb y all\u00ed se desplegar\u00e1n los pr\u00f3ximos d\u00edas con su correspondiente link para realizar la reserva.<\/p>\n<p>M\u00e1s all\u00e1 de ver los partidos, en los alrededores de la pantalla hay juegos como metegoles, futbol tenis, canchas de f\u00fatbol e inflables, entre otros. Tambi\u00e9n un espacio para maquillaje, livings, talleres participativos, clases para los m\u00e1s chicos y hasta un patio gastron\u00f3mico con foodtrucks para pasar el d\u00eda. Ciudad Verde presenta un lugar de concientizaci\u00f3n, juegos y talleres sobre reciclado, separaci\u00f3n de residuos y sustentabilidad. Las sendas peatonales, por su parte, adoptaron los colores de la Selecci\u00f3n Nacional y las Estaciones Saludables se sumaron a este eje tem\u00e1tico trabajando sobre los beneficios del juego y el deporte en equipo para lograr un mayor bienestar.<\/p>\n<p>Como previa al partido que jugar\u00e1 la Selecci\u00f3n Nacional hoy , desde anoche, el Obelisco tuvo un mapping especialmente dise\u00f1ado que se proyectar\u00e1 desde las 20 horas, mientras que los monumentos m\u00e1s emblem\u00e1ticos, como el Planetario, Usina del Arte, Palacio Lezama, Torre Monumental, Monumento de Plaza Congreso, Puente de la Mujer y Monumento a los Espa\u00f1oles, mostrar\u00e1n los colores argentinos para alentar a Messi y compa\u00f1\u00eda. El cartel BA Verde, que est\u00e1 a los pies del Obelisco, fue intervenido por la artista M\u00f3nica Casella, quien ide\u00f3 una pelota de f\u00fatbol de grandes dimensiones realizada con material reciclado y una gran bandera hecha con botellas pl\u00e1sticas.<\/p>\n<p><strong>Para los m\u00e1s chicos, 30 plazas ofrecen juegos tem\u00e1ticos para divertirse en familia a trav\u00e9s de Vamos Las Plazas Mundialista:<\/strong> que recorrer\u00e1n espacios verdes de las 15 comunas de la Ciudad con actividades centradas en el Mundial. Las plazas son: Parque Lezama, Plaza Monse\u00f1or de Andrea, Plaza Mart\u00edn Fierro, Plaza Colombia, Plaza Almagro, Plaza Irlanda, Parque Chacabuco, Boulevard Rabanal, Parque Avellaneda, Plaza V\u00e9lez Sarsfield, Plaza Roque Saenz Pe\u00f1a, Plaza Zapiola, Plaza Manuel Belgrano, Plaza Alemania, Parque La Isla de La Paternal, Plaza Lavalle, Plaza Vicente L\u00f3pez, Parque de la Estaci\u00f3n, Parque Patricios, Plaza Mariano Boedo, Parque Rivadavia, Plaza Sicardi, Plaza Sudam\u00e9rica, Plaza de los Mataderos, Plaza Ciudad de Banff, Plaza Ricchieri, Plaza Echeverr\u00eda, Plaza F\u00e9lix Lima, Parque Las Heras, Plaza Malaver.<\/p>\n","protected":false},"excerpt":{"rendered":"<p>La plaza tem\u00e1tica del Mundial que instal\u00f3 la Ciudad en Plaza Francisco Seeber (Av. Del Libertador y Av. Sarmiento) cambi\u00f3 su horario a partir de hoy: abre de 11 a 20 debido a que comenz\u00f3 la tercera y \u00faltima fecha de la fase de grupos y todos los partidos se concentran en dos horarios -a [&hellip;]<\/p>\n","protected":false},"author":2,"featured_media":41568,"comment_status":"open","ping_status":"open","sticky":false,"template":"","format":"standard","meta":{"_et_pb_use_builder":"","_et_pb_old_content":"","_et_gb_content_width":"","footnotes":""},"categories":[11,33],"tags":[],"class_list":["post-41567","post","type-post","status-publish","format-standard","has-post-thumbnail","hentry","category-ciudad","category-sociedad-y-cultura-2"],"_links":{"self":[{"href":"https:\/\/vocesdebaires.com.ar\/index.php\/wp-json\/wp\/v2\/posts\/41567"}],"collection":[{"href":"https:\/\/vocesdebaires.com.ar\/index.php\/wp-json\/wp\/v2\/posts"}],"about":[{"href":"https:\/\/vocesdebaires.com.ar\/index.php\/wp-json\/wp\/v2\/types\/post"}],"author":[{"embeddable":true,"href":"https:\/\/vocesdebaires.com.ar\/index.php\/wp-json\/wp\/v2\/users\/2"}],"replies":[{"embeddable":true,"href":"https:\/\/vocesdebaires.com.ar\/index.php\/wp-json\/wp\/v2\/comments?post=41567"}],"version-history":[{"count":1,"href":"https:\/\/vocesdebaires.com.ar\/index.php\/wp-json\/wp\/v2\/posts\/41567\/revisions"}],"predecessor-version":[{"id":41569,"href":"https:\/\/vocesdebaires.com.ar\/index.php\/wp-json\/wp\/v2\/posts\/41567\/revisions\/41569"}],"wp:featuredmedia":[{"embeddable":true,"href":"https:\/\/vocesdebaires.com.ar\/index.php\/wp-json\/wp\/v2\/media\/41568"}],"wp:attachment":[{"href":"https:\/\/vocesdebaires.com.ar\/index.php\/wp-json\/wp\/v2\/media?parent=41567"}],"wp:term":[{"taxonomy":"category","embeddable":true,"href":"https:\/\/vocesdebaires.com.ar\/index.php\/wp-json\/wp\/v2\/categories?post=41567"},{"taxonomy":"post_tag","embeddable":true,"href":"https:\/\/vocesdebaires.com.ar\/index.php\/wp-json\/wp\/v2\/tags?post=41567"}],"curies":[{"name":"wp","href":"https:\/\/api.w.org\/{rel}","templated":true}]}}