{"id":41573,"date":"2022-11-30T01:10:55","date_gmt":"2022-11-30T04:10:55","guid":{"rendered":"https:\/\/vocesdebaires.com.ar\/?p=41573"},"modified":"2022-11-30T01:10:55","modified_gmt":"2022-11-30T04:10:55","slug":"personalidad-destacada-de-la-ciudadjuan-maria-traverso","status":"publish","type":"post","link":"https:\/\/vocesdebaires.com.ar\/index.php\/2022\/11\/30\/personalidad-destacada-de-la-ciudadjuan-maria-traverso\/","title":{"rendered":"Personalidad destacada de la ciudad,Juan Mar\u00eca Traverso"},"content":{"rendered":"<p>El Cuerpo Legislativo declar\u00f3 como Personalidad Destacada en el \u00e1mbito del Deporte al ex piloto Juan Mar\u00eda \u201cEl Flaco\u201d Traverso. El acto, que se llev\u00f3 ayer lunes en el Sal\u00f3n Dorado de la Legislatura,fue encabezado por el legislador e impulsor de la iniciativa Mat\u00edas L\u00f3pez (VJ) y el homenajeado.En el comienzo, L\u00f3pez calific\u00f3 a Traverso como \u201cun \u00edcono de la historia del automovilismo\u201d, rememor\u00f3 los logros y t\u00edtulos del ex piloto y subray\u00f3 que la distinci\u00f3n es \u201cen nombre de todos los vecinos de la Ciudad\u201d. Y agreg\u00f3: \u201ces un distinto que lo acompa\u00f1\u00f3 la suerte, la locura y la gran capacidad de conocer el instrumento con el cual desarroll\u00f3 el deporte como es el auto\u201d.<\/p>\n<p>Por su parte, Traverso agradeci\u00f3 al legislador porte\u00f1o , a la Legislatura y a todos los colegas, ex pilotos y familiares presentes: \u201chay una gran cantidad de amigos. Venimos de una \u00e9poca que no mezcl\u00e1bamos la pista con la amistad y la seguimos disfrutando hasta el d\u00eda de hoy\u201d. Y concluy\u00f3: \u201cno somos el piloto nada m\u00e1s. Estuve 35 a\u00f1os arriba de los autos, cientos de carreras, y esto lo comparto con mis rivales, con el p\u00fablico y los equipos. Atr\u00e1s de cada piloto est\u00e1 el grupo que te prepara el auto\u201d.<\/p>\n<p>El Flaco es una de las leyendas del automovilismo nacional, en donde hizo carrera por m\u00e1s de 35 a\u00f1os y en donde cosech\u00f3 16 campeonatos y 7 subcampeonatos. Su debut como profesional fue en 1971 en Turismo Carreta, categor\u00eda donde tambi\u00e9n anunci\u00f3 su retiro en 2005. En todo ese tiempo tambi\u00e9n compiti\u00f3 en otras categor\u00edas como la Clase 3 del Turismo Nacional, el Club Argentino de Pilotos y la F\u00f3rmula 2 Codasur. A nivel internacional, incursion\u00f3 en la F\u00f3rmula 2 europea, en el Campionato Italiano Velocit\u00e1 Turismo &#8211; N2 y obtuvo una victoria en la Clase A7 del Campeonato Mundial de Rally en 1988.<\/p>\n<p>Por otro lado, entre su extensa trayectoria de logros automovil\u00edsticos, se destaca que 1995 arm\u00f3 un equipo propio en TC 2000. A su vez gan\u00f3 los dos campeonatos m\u00e1s importantes del automovilismo argentino, como lo son el TC y TC 2000 -a\u00f1o donde recibi\u00f3 el Olimpia de Plata-. Mientras que en el 2000 fue distinguido por la Fundaci\u00f3n Konex con el Premio Konex de Platino al mejor piloto de la d\u00e9cada. Actualmente preside la Asociaci\u00f3n Argentina de Volantes, entidad que asumi\u00f3 despu\u00e9s de anunciar su retiro.<\/p>\n","protected":false},"excerpt":{"rendered":"<p>El Cuerpo Legislativo declar\u00f3 como Personalidad Destacada en el \u00e1mbito del Deporte al ex piloto Juan Mar\u00eda \u201cEl Flaco\u201d Traverso. El acto, que se llev\u00f3 ayer lunes en el Sal\u00f3n Dorado de la Legislatura,fue encabezado por el legislador e impulsor de la iniciativa Mat\u00edas L\u00f3pez (VJ) y el homenajeado.En el comienzo, L\u00f3pez calific\u00f3 a Traverso [&hellip;]<\/p>\n","protected":false},"author":2,"featured_media":41574,"comment_status":"open","ping_status":"open","sticky":false,"template":"","format":"standard","meta":{"_et_pb_use_builder":"","_et_pb_old_content":"","_et_gb_content_width":"","footnotes":""},"categories":[11,33],"tags":[],"class_list":["post-41573","post","type-post","status-publish","format-standard","has-post-thumbnail","hentry","category-ciudad","category-sociedad-y-cultura-2"],"_links":{"self":[{"href":"https:\/\/vocesdebaires.com.ar\/index.php\/wp-json\/wp\/v2\/posts\/41573"}],"collection":[{"href":"https:\/\/vocesdebaires.com.ar\/index.php\/wp-json\/wp\/v2\/posts"}],"about":[{"href":"https:\/\/vocesdebaires.com.ar\/index.php\/wp-json\/wp\/v2\/types\/post"}],"author":[{"embeddable":true,"href":"https:\/\/vocesdebaires.com.ar\/index.php\/wp-json\/wp\/v2\/users\/2"}],"replies":[{"embeddable":true,"href":"https:\/\/vocesdebaires.com.ar\/index.php\/wp-json\/wp\/v2\/comments?post=41573"}],"version-history":[{"count":1,"href":"https:\/\/vocesdebaires.com.ar\/index.php\/wp-json\/wp\/v2\/posts\/41573\/revisions"}],"predecessor-version":[{"id":41575,"href":"https:\/\/vocesdebaires.com.ar\/index.php\/wp-json\/wp\/v2\/posts\/41573\/revisions\/41575"}],"wp:featuredmedia":[{"embeddable":true,"href":"https:\/\/vocesdebaires.com.ar\/index.php\/wp-json\/wp\/v2\/media\/41574"}],"wp:attachment":[{"href":"https:\/\/vocesdebaires.com.ar\/index.php\/wp-json\/wp\/v2\/media?parent=41573"}],"wp:term":[{"taxonomy":"category","embeddable":true,"href":"https:\/\/vocesdebaires.com.ar\/index.php\/wp-json\/wp\/v2\/categories?post=41573"},{"taxonomy":"post_tag","embeddable":true,"href":"https:\/\/vocesdebaires.com.ar\/index.php\/wp-json\/wp\/v2\/tags?post=41573"}],"curies":[{"name":"wp","href":"https:\/\/api.w.org\/{rel}","templated":true}]}}