{"id":41589,"date":"2022-12-01T01:00:00","date_gmt":"2022-12-01T04:00:00","guid":{"rendered":"https:\/\/vocesdebaires.com.ar\/?p=41589"},"modified":"2022-12-01T01:00:00","modified_gmt":"2022-12-01T04:00:00","slug":"en-la-ciudadprimera-convencion-de-comunidades-judias-observantes","status":"publish","type":"post","link":"https:\/\/vocesdebaires.com.ar\/index.php\/2022\/12\/01\/en-la-ciudadprimera-convencion-de-comunidades-judias-observantes\/","title":{"rendered":"En la ciudad:Primera convenci\u00f3n de Comunidades Jud\u00edas Observantes"},"content":{"rendered":"<p>Para promover la uni\u00f3n, impulsar el trabajo mancomunado y contribuir al fortalecimiento de la identidad jud\u00eda entre las kehilot de la regi\u00f3n, m\u00e1s de 500 personas participar\u00e1n por primera vez de la \u201cConvenci\u00f3n de Comunidades Observantes de Sudam\u00e9rica\u201d, que se realizar\u00e1, del 2 al 4 de diciembre, en el Hotel Sheraton Retiro de Buenos Aires, bajo la organizaci\u00f3n de la agrupaci\u00f3n Eretz HaKodesh.<\/p>\n<p>Con la asistencia de representantes de comunidades observantes de Israel y de los Estados Unidos, el mega encuentro contar\u00e1 con una nutrida agenda de actividades, espacios de reflexi\u00f3n y conferencias que se desarrollar\u00e1n a los efectos de lograr un mayor intercambio y niveles de cooperaci\u00f3n entre las kehilot, y un permanente v\u00ednculo con la actualidad de Israel y todo lo referido al mundo jud\u00edo.<\/p>\n<p>En la convenci\u00f3n, que fue organizada con el apoyo del Departamento para la Periferia e Involucramiento en la Di\u00e1spora de la Organizaci\u00f3n Sionista Mundial, est\u00e1 prevista la presencia de embajadores, dirigentes y referentes comunitarios y religiosos del pa\u00eds; la realizaci\u00f3n de una multitudinaria cena de Shabat, y un cierre del evento en el que participar\u00e1n todas las comunidades que se dar\u00e1n cita en Buenos Aires.<\/p>\n<p>La agrupaci\u00f3n Eretz HaKodesh trabaja con la misi\u00f3n de representar y fortalecer la relaci\u00f3n entre las comunidades jud\u00edas observantes en todo el mundo y los organismos en Israel que trabajan y brindan apoyo para el juda\u00edsmo en la di\u00e1spora. Liderada a nivel global por el Rab Pesaj Frank, la organizaci\u00f3n es presidida para la \u00f3rbita de los pa\u00edses de Sudam\u00e9rica por el Rab Eliahu Hamra. \u201cPara nosotros es un honor poder recibir en Buenos Aires a las comunidades observantes de la regi\u00f3n, y oficiar de sede para un encuentro in\u00e9dito, que quedar\u00e1 en la historia de las kehilot como un momento memorable de lo que ser\u00e1 el lanzamiento de un \u00e1mbito de cooperaci\u00f3n, trabajo y uni\u00f3n para el logro de proyectos comunes a escala regional y global\u201d, asegur\u00f3 el Rab Hamra.<\/p>\n<p>La agrupaci\u00f3n Eretz HaKodesh en Am\u00e9rica Latina comenz\u00f3 sus actividades en la Argentina durante el a\u00f1o 2020. En el momento m\u00e1s cr\u00edtico de la pandemia por Covid-19, asisti\u00f3 log\u00edstica y econ\u00f3micamente a cientos de familias y estudiantes, con inter\u00e9s y deseos de superarse y salir adelante ante las dificultades que impuso la emergencia de salud. Con el objetivo de crear un marco de uni\u00f3n intercomunitario y apoyar la vida jud\u00eda, especialmente para la formaci\u00f3n de l\u00edderes juveniles, la agrupaci\u00f3n viene desarrollando diversas acciones en distintas localidades del pa\u00eds. Entre ellas, donaci\u00f3n y distribuci\u00f3n de cientos de libros; auspicios y patrocinios de actividades especiales para estudiantes, j\u00f3venes y mujeres, apoyo en la organizaci\u00f3n de encuentros por festividades religiosas, realizaci\u00f3n de conferencias y eventos culturales, entre otras iniciativas.<\/p>\n<p>Fortalecer la identidad jud\u00eda y los valores de la Tor\u00e1 en Israel y la di\u00e1spora; promover el desarrollo de programas educativos jud\u00edos; apoyar y acompa\u00f1ar a estudiantes de Yeshiv\u00e1 y Midrash\u00e1 de Sudam\u00e9rica en Israel; reconocer la labor de la dirigencia y festejar el crecimiento de sus comunidades son los pilares m\u00e1s relevantes que constituyen la visi\u00f3n de la organizaci\u00f3n.<br \/>\n\u201cEl prop\u00f3sito de Eretz HaKodesh es constituir una base de actividades y uni\u00f3n entre todas las comunidades jud\u00edas observantes del mundo, con el objetivo de acompa\u00f1ar y atender sus necesidades, y lograr un permanente v\u00ednculo con la actualidad de Israel y lo que acontece en todo el mundo jud\u00edo\u201d, asever\u00f3 Eliahu Hamra.<\/p>\n","protected":false},"excerpt":{"rendered":"<p>Para promover la uni\u00f3n, impulsar el trabajo mancomunado y contribuir al fortalecimiento de la identidad jud\u00eda entre las kehilot de la regi\u00f3n, m\u00e1s de 500 personas participar\u00e1n por primera vez de la \u201cConvenci\u00f3n de Comunidades Observantes de Sudam\u00e9rica\u201d, que se realizar\u00e1, del 2 al 4 de diciembre, en el Hotel Sheraton Retiro de Buenos Aires, [&hellip;]<\/p>\n","protected":false},"author":2,"featured_media":41590,"comment_status":"open","ping_status":"open","sticky":false,"template":"","format":"standard","meta":{"_et_pb_use_builder":"","_et_pb_old_content":"","_et_gb_content_width":"","footnotes":""},"categories":[11,33],"tags":[],"class_list":["post-41589","post","type-post","status-publish","format-standard","has-post-thumbnail","hentry","category-ciudad","category-sociedad-y-cultura-2"],"_links":{"self":[{"href":"https:\/\/vocesdebaires.com.ar\/index.php\/wp-json\/wp\/v2\/posts\/41589"}],"collection":[{"href":"https:\/\/vocesdebaires.com.ar\/index.php\/wp-json\/wp\/v2\/posts"}],"about":[{"href":"https:\/\/vocesdebaires.com.ar\/index.php\/wp-json\/wp\/v2\/types\/post"}],"author":[{"embeddable":true,"href":"https:\/\/vocesdebaires.com.ar\/index.php\/wp-json\/wp\/v2\/users\/2"}],"replies":[{"embeddable":true,"href":"https:\/\/vocesdebaires.com.ar\/index.php\/wp-json\/wp\/v2\/comments?post=41589"}],"version-history":[{"count":1,"href":"https:\/\/vocesdebaires.com.ar\/index.php\/wp-json\/wp\/v2\/posts\/41589\/revisions"}],"predecessor-version":[{"id":41591,"href":"https:\/\/vocesdebaires.com.ar\/index.php\/wp-json\/wp\/v2\/posts\/41589\/revisions\/41591"}],"wp:featuredmedia":[{"embeddable":true,"href":"https:\/\/vocesdebaires.com.ar\/index.php\/wp-json\/wp\/v2\/media\/41590"}],"wp:attachment":[{"href":"https:\/\/vocesdebaires.com.ar\/index.php\/wp-json\/wp\/v2\/media?parent=41589"}],"wp:term":[{"taxonomy":"category","embeddable":true,"href":"https:\/\/vocesdebaires.com.ar\/index.php\/wp-json\/wp\/v2\/categories?post=41589"},{"taxonomy":"post_tag","embeddable":true,"href":"https:\/\/vocesdebaires.com.ar\/index.php\/wp-json\/wp\/v2\/tags?post=41589"}],"curies":[{"name":"wp","href":"https:\/\/api.w.org\/{rel}","templated":true}]}}