{"id":41599,"date":"2022-12-01T01:11:34","date_gmt":"2022-12-01T04:11:34","guid":{"rendered":"https:\/\/vocesdebaires.com.ar\/?p=41599"},"modified":"2022-12-01T01:11:34","modified_gmt":"2022-12-01T04:11:34","slug":"beneplacitose-presento-el-consenso-de-salud-mental-en-la-legislatura","status":"publish","type":"post","link":"https:\/\/vocesdebaires.com.ar\/index.php\/2022\/12\/01\/beneplacitose-presento-el-consenso-de-salud-mental-en-la-legislatura\/","title":{"rendered":"Benepl\u00e1cito:Se present\u00f3 el Consenso de salud mental en la legislatura"},"content":{"rendered":"<p>El Sal\u00f3n Dorado fue el escenario donde se present\u00f3 el Consenso de buenas pr\u00e1cticas en Cl\u00ednicas de Urgencias en Salud Mental el pasado martes, evento que encabez\u00f3 la legisladora Ana Mar\u00eda Bou P\u00e9rez (VJ). El encuentro recibi\u00f3 el benepl\u00e1cito por su importancia ante la problem\u00e1tica puesta sobre la mesa: promover criterios unificados para la primera atenci\u00f3n de pacientes con padecimiento mental y\/o trastorno mental en el \u00e1mbito de los sanatorios y cl\u00ednicas privadas de la Ciudad y una mejora en dicha atenci\u00f3n.<\/p>\n<p><strong>Quienes participaron del documento como autores fueron<\/strong> Horacio Rodr\u00edguez O&#8217;Connor (director general de Salud Mental del Ministerio de Salud de la Ciudad), Humberto Lorenzo Persano (ex director general de Salud Mental), Gabriela Fabiana Barros, Mariela Alonso Dom\u00ednguez (Superintendencia de Servicios de Salud del Ministerio de Salud de la Naci\u00f3n), Luis Ignacio Brusco (Facultad de Medicina de la Universidad de Buenos Aires), Emilio De Fazio (Asociaci\u00f3n Argentina de Instituciones de Salud Mental), Liliana Gonz\u00e1lez (C\u00e1mara de Entidades Prestadoras de Salud), Jos\u00e9 Luis S\u00e1nchez Rivas (Confederaci\u00f3n Argentina de Cl\u00ednicas, Sanatorios y Hospitales Privados), Cesar Lucchetti, Mar\u00eda Silvia Monet (Asociaci\u00f3n de Cl\u00ednicas, Sanatorios y Hospitales Privados de la Rep\u00fablica Argentina), Liliana Gonz\u00e1lez (Asociaci\u00f3n de Instituciones de Salud Mental de la Ciudad), Jos\u00e9 Lu\u00eds Faccioli (Hospital Italiano), Roberto Osvaldo Froment (Sanatorio Finochietto), Ricardo Marcelo Corral (Asociaci\u00f3n Argentina de Psiquiatras), Adriana Ingratta, Monica Bella, Fernanda Cordero, Dar\u00edo Sangineto (Asociaci\u00f3n Argentina de Psiquiatr\u00eda Infanto Juvenil y Profesiones Afines), Gustavo Fernando Bertr\u00e1n, Alberto Trimboli y Juan Carlos Fantin (Asociaci\u00f3n Argentina de Salud Mental).<\/p>\n<p>\u201cEstamos tocando un tema muy importante, como es la salud mental. De la \u00fanica forma que podemos avanzar en salud mental es sumando a todos los actores, tanto profesionales como ONGs, familias y un grupo que sea representativo y que pueda volcar en una mesa sus experiencias, miedos y tab\u00fas\u201d, aport\u00f3 la legisladora Bou P\u00e9rez en la apertura del debate.<\/p>\n","protected":false},"excerpt":{"rendered":"<p>El Sal\u00f3n Dorado fue el escenario donde se present\u00f3 el Consenso de buenas pr\u00e1cticas en Cl\u00ednicas de Urgencias en Salud Mental el pasado martes, evento que encabez\u00f3 la legisladora Ana Mar\u00eda Bou P\u00e9rez (VJ). El encuentro recibi\u00f3 el benepl\u00e1cito por su importancia ante la problem\u00e1tica puesta sobre la mesa: promover criterios unificados para la primera [&hellip;]<\/p>\n","protected":false},"author":2,"featured_media":41600,"comment_status":"open","ping_status":"open","sticky":false,"template":"","format":"standard","meta":{"_et_pb_use_builder":"","_et_pb_old_content":"","_et_gb_content_width":"","footnotes":""},"categories":[11,33],"tags":[],"class_list":["post-41599","post","type-post","status-publish","format-standard","has-post-thumbnail","hentry","category-ciudad","category-sociedad-y-cultura-2"],"_links":{"self":[{"href":"https:\/\/vocesdebaires.com.ar\/index.php\/wp-json\/wp\/v2\/posts\/41599"}],"collection":[{"href":"https:\/\/vocesdebaires.com.ar\/index.php\/wp-json\/wp\/v2\/posts"}],"about":[{"href":"https:\/\/vocesdebaires.com.ar\/index.php\/wp-json\/wp\/v2\/types\/post"}],"author":[{"embeddable":true,"href":"https:\/\/vocesdebaires.com.ar\/index.php\/wp-json\/wp\/v2\/users\/2"}],"replies":[{"embeddable":true,"href":"https:\/\/vocesdebaires.com.ar\/index.php\/wp-json\/wp\/v2\/comments?post=41599"}],"version-history":[{"count":1,"href":"https:\/\/vocesdebaires.com.ar\/index.php\/wp-json\/wp\/v2\/posts\/41599\/revisions"}],"predecessor-version":[{"id":41601,"href":"https:\/\/vocesdebaires.com.ar\/index.php\/wp-json\/wp\/v2\/posts\/41599\/revisions\/41601"}],"wp:featuredmedia":[{"embeddable":true,"href":"https:\/\/vocesdebaires.com.ar\/index.php\/wp-json\/wp\/v2\/media\/41600"}],"wp:attachment":[{"href":"https:\/\/vocesdebaires.com.ar\/index.php\/wp-json\/wp\/v2\/media?parent=41599"}],"wp:term":[{"taxonomy":"category","embeddable":true,"href":"https:\/\/vocesdebaires.com.ar\/index.php\/wp-json\/wp\/v2\/categories?post=41599"},{"taxonomy":"post_tag","embeddable":true,"href":"https:\/\/vocesdebaires.com.ar\/index.php\/wp-json\/wp\/v2\/tags?post=41599"}],"curies":[{"name":"wp","href":"https:\/\/api.w.org\/{rel}","templated":true}]}}