{"id":41602,"date":"2022-12-01T01:16:35","date_gmt":"2022-12-01T04:16:35","guid":{"rendered":"https:\/\/vocesdebaires.com.ar\/?p=41602"},"modified":"2022-12-01T01:16:35","modified_gmt":"2022-12-01T04:16:35","slug":"la-orquesta-de-amia-se-presentara-en-la-noche-de-los-templos","status":"publish","type":"post","link":"https:\/\/vocesdebaires.com.ar\/index.php\/2022\/12\/01\/la-orquesta-de-amia-se-presentara-en-la-noche-de-los-templos\/","title":{"rendered":"La Orquesta de AMIA se presentar\u00e1 en la Noche de los Templos"},"content":{"rendered":"<p>La Orquesta Infantil y Juvenil \u201cArnoldo Fiedotin\u201d de AMIA participar\u00e1 de la s\u00e9ptima edici\u00f3n de La Noche de los Templos, una propuesta con diversas actividades y visitas guiadas en m\u00e1s de 80 sinagogas, iglesias, y mezquitas de la ciudad de Buenos Aires. Con entrada libre y gratuita, la cita ser\u00e1 este s\u00e1bado 3 de diciembre, a las 21.15, en el Gran Templo Piedras (ACILBA), ubicado en la calle Piedras 1164, en el barrio porte\u00f1o de San Telmo.<\/p>\n<p>\u201cAgradecemos a los organizadores por la convocatoria y a las familias por acompa\u00f1arnos en este nuevo desaf\u00edo\u201d, expres\u00f3 Ximena Mizrahi, coordinadora del \u00e1rea de Infancia y Adolescencia de AMIA, a cargo de la orquesta. \u201cEsta presentaci\u00f3n ser\u00e1 el cierre de un a\u00f1o lleno de logros y grandes aprendizajes\u201d, agreg\u00f3. Con el acompa\u00f1amiento de sus docentes, los alumnos y alumnas de la Orquesta compartir\u00e1n parte de su repertorio y mostrar\u00e1n al p\u00fablico el resultado art\u00edstico de sus clases y ensayos. En el mismo templo, los asistentes podr\u00e1n disfrutar tambi\u00e9n del concierto del pianista Edgardo Roffe, recorrer una exposici\u00f3n de arte, y conocer la historia y la arquitectura de<\/p>\n<p>La Orquesta Infantil y Juvenil forma parte de los programas sociales que la instituci\u00f3n lleva adelante para garantizar los derechos esenciales a la poblaci\u00f3n m\u00e1s vulnerable. En este caso, a trav\u00e9s de la m\u00fasica, se promueve la integraci\u00f3n, el valor de la convivencia y la importancia de compartir. Desde sus or\u00edgenes, el proyecto cuenta con el apoyo de la familia Fiedotin, y el aval de los programas de Mecenazgo del Ministerio de Cultura y Fortalecimiento de la Sociedad Civil del gobierno de la ciudad de Buenos Aires.<\/p>\n","protected":false},"excerpt":{"rendered":"<p>La Orquesta Infantil y Juvenil \u201cArnoldo Fiedotin\u201d de AMIA participar\u00e1 de la s\u00e9ptima edici\u00f3n de La Noche de los Templos, una propuesta con diversas actividades y visitas guiadas en m\u00e1s de 80 sinagogas, iglesias, y mezquitas de la ciudad de Buenos Aires. Con entrada libre y gratuita, la cita ser\u00e1 este s\u00e1bado 3 de diciembre, [&hellip;]<\/p>\n","protected":false},"author":2,"featured_media":41603,"comment_status":"open","ping_status":"open","sticky":false,"template":"","format":"standard","meta":{"_et_pb_use_builder":"","_et_pb_old_content":"","_et_gb_content_width":"","footnotes":""},"categories":[11,33],"tags":[],"class_list":["post-41602","post","type-post","status-publish","format-standard","has-post-thumbnail","hentry","category-ciudad","category-sociedad-y-cultura-2"],"_links":{"self":[{"href":"https:\/\/vocesdebaires.com.ar\/index.php\/wp-json\/wp\/v2\/posts\/41602"}],"collection":[{"href":"https:\/\/vocesdebaires.com.ar\/index.php\/wp-json\/wp\/v2\/posts"}],"about":[{"href":"https:\/\/vocesdebaires.com.ar\/index.php\/wp-json\/wp\/v2\/types\/post"}],"author":[{"embeddable":true,"href":"https:\/\/vocesdebaires.com.ar\/index.php\/wp-json\/wp\/v2\/users\/2"}],"replies":[{"embeddable":true,"href":"https:\/\/vocesdebaires.com.ar\/index.php\/wp-json\/wp\/v2\/comments?post=41602"}],"version-history":[{"count":2,"href":"https:\/\/vocesdebaires.com.ar\/index.php\/wp-json\/wp\/v2\/posts\/41602\/revisions"}],"predecessor-version":[{"id":41605,"href":"https:\/\/vocesdebaires.com.ar\/index.php\/wp-json\/wp\/v2\/posts\/41602\/revisions\/41605"}],"wp:featuredmedia":[{"embeddable":true,"href":"https:\/\/vocesdebaires.com.ar\/index.php\/wp-json\/wp\/v2\/media\/41603"}],"wp:attachment":[{"href":"https:\/\/vocesdebaires.com.ar\/index.php\/wp-json\/wp\/v2\/media?parent=41602"}],"wp:term":[{"taxonomy":"category","embeddable":true,"href":"https:\/\/vocesdebaires.com.ar\/index.php\/wp-json\/wp\/v2\/categories?post=41602"},{"taxonomy":"post_tag","embeddable":true,"href":"https:\/\/vocesdebaires.com.ar\/index.php\/wp-json\/wp\/v2\/tags?post=41602"}],"curies":[{"name":"wp","href":"https:\/\/api.w.org\/{rel}","templated":true}]}}