{"id":41606,"date":"2022-12-01T01:20:42","date_gmt":"2022-12-01T04:20:42","guid":{"rendered":"https:\/\/vocesdebaires.com.ar\/?p=41606"},"modified":"2022-12-01T01:20:42","modified_gmt":"2022-12-01T04:20:42","slug":"programala-legislatura-portena-y-la-escuela-cerro-sus-ciclo-anual","status":"publish","type":"post","link":"https:\/\/vocesdebaires.com.ar\/index.php\/2022\/12\/01\/programala-legislatura-portena-y-la-escuela-cerro-sus-ciclo-anual\/","title":{"rendered":"Programa:La legislatura porte\u00f1a y la escuela cerr\u00f3 sus ciclo anual"},"content":{"rendered":"<p>El pasado martes, el Sal\u00f3n Dorado abri\u00f3 sus puertas para cientos de alumnos que pasaron por el programa \u201cLa Legislatura y la Escuela\u201d en 2022 para celebrar el cierre anual. La ceremonia cont\u00f3 con la participaci\u00f3n del legislador Juan Manuel Vald\u00e9s (FdT) y la legisladora Cecilia Ferrero (VJ). Adem\u00e1s, participaron la secretaria administrativa Florencia Romano, el secretario parlamentario Pablo Schillagi, la directora general de Gesti\u00f3n y Participaci\u00f3n Ciudadana Silvina Garc\u00eda y el coordinador del programa Marcelo Biancardi.<\/p>\n<p>\u201cEste programa tiene una magia, una cercan\u00eda con todos ustedes que les permite acercarse a la Legislatura y ser legisladores y legisladoras por un d\u00eda. Escucharlos debatir es el ejercicio que genera los cimientos de una sociedad democr\u00e1tica. A la Ciudad de Buenos Aires le hace muy bien que los representantes escuchemos a los chicos y chicas de nuestro sistema escolar\u201d, asegur\u00f3 Vald\u00e9s. Silvina Garc\u00eda cont\u00f3 que fueron 50 escuelas las que participaron del programa en 2022, con 2.000 estudiantes que pudieron visitar el Recinto de Per\u00fa 160. Desde su lanzamiento hace 24 a\u00f1os, m\u00e1s de 140.000 alumnos tuvieron su experiencia legislativa.<\/p>\n<p>\u201cOjal\u00e1 todas las escuelas de la Ciudad puedan pasar por esta experiencia. Todos los diputados de esta casa, cada vez que nos toca estar con ustedes en el Recinto, vivimos una jornada m\u00e1gica. Lo que ustedes aprenden y lo que ustedes nos ense\u00f1an cuando vienen como legisladores y legisladoras es mucho m\u00e1s de lo que nosotros podemos aprender en cualquier otra experiencia\u201c, se\u00f1al\u00f3 el legislador Ferrero. Luego de los discursos y un video correspondiente a las actividades que los j\u00f3venes fueron realizando durante el a\u00f1o en el Palacio Ayerza, las autoridades entregaron los diplomas a docentes y estudiantes de las escuelas presentes en el sal\u00f3n. Para finalizar, la banda Parafernalia decor\u00f3 la ceremonia con su m\u00fasica.<\/p>\n","protected":false},"excerpt":{"rendered":"<p>El pasado martes, el Sal\u00f3n Dorado abri\u00f3 sus puertas para cientos de alumnos que pasaron por el programa \u201cLa Legislatura y la Escuela\u201d en 2022 para celebrar el cierre anual. La ceremonia cont\u00f3 con la participaci\u00f3n del legislador Juan Manuel Vald\u00e9s (FdT) y la legisladora Cecilia Ferrero (VJ). Adem\u00e1s, participaron la secretaria administrativa Florencia Romano, [&hellip;]<\/p>\n","protected":false},"author":2,"featured_media":41607,"comment_status":"open","ping_status":"open","sticky":false,"template":"","format":"standard","meta":{"_et_pb_use_builder":"","_et_pb_old_content":"","_et_gb_content_width":"","footnotes":""},"categories":[11,33],"tags":[],"class_list":["post-41606","post","type-post","status-publish","format-standard","has-post-thumbnail","hentry","category-ciudad","category-sociedad-y-cultura-2"],"_links":{"self":[{"href":"https:\/\/vocesdebaires.com.ar\/index.php\/wp-json\/wp\/v2\/posts\/41606"}],"collection":[{"href":"https:\/\/vocesdebaires.com.ar\/index.php\/wp-json\/wp\/v2\/posts"}],"about":[{"href":"https:\/\/vocesdebaires.com.ar\/index.php\/wp-json\/wp\/v2\/types\/post"}],"author":[{"embeddable":true,"href":"https:\/\/vocesdebaires.com.ar\/index.php\/wp-json\/wp\/v2\/users\/2"}],"replies":[{"embeddable":true,"href":"https:\/\/vocesdebaires.com.ar\/index.php\/wp-json\/wp\/v2\/comments?post=41606"}],"version-history":[{"count":1,"href":"https:\/\/vocesdebaires.com.ar\/index.php\/wp-json\/wp\/v2\/posts\/41606\/revisions"}],"predecessor-version":[{"id":41608,"href":"https:\/\/vocesdebaires.com.ar\/index.php\/wp-json\/wp\/v2\/posts\/41606\/revisions\/41608"}],"wp:featuredmedia":[{"embeddable":true,"href":"https:\/\/vocesdebaires.com.ar\/index.php\/wp-json\/wp\/v2\/media\/41607"}],"wp:attachment":[{"href":"https:\/\/vocesdebaires.com.ar\/index.php\/wp-json\/wp\/v2\/media?parent=41606"}],"wp:term":[{"taxonomy":"category","embeddable":true,"href":"https:\/\/vocesdebaires.com.ar\/index.php\/wp-json\/wp\/v2\/categories?post=41606"},{"taxonomy":"post_tag","embeddable":true,"href":"https:\/\/vocesdebaires.com.ar\/index.php\/wp-json\/wp\/v2\/tags?post=41606"}],"curies":[{"name":"wp","href":"https:\/\/api.w.org\/{rel}","templated":true}]}}