{"id":41611,"date":"2022-12-02T00:48:44","date_gmt":"2022-12-02T03:48:44","guid":{"rendered":"https:\/\/vocesdebaires.com.ar\/?p=41611"},"modified":"2022-12-02T00:48:44","modified_gmt":"2022-12-02T03:48:44","slug":"exitosa-primera-edicion-de-sim-lev-de-amia-joven-y-el-joint","status":"publish","type":"post","link":"https:\/\/vocesdebaires.com.ar\/index.php\/2022\/12\/02\/exitosa-primera-edicion-de-sim-lev-de-amia-joven-y-el-joint\/","title":{"rendered":"Exitosa primera edici\u00f3n de \u00abSim lev\u00bb de AMIA Joven y el Joint"},"content":{"rendered":"<p>En la sede de Uriburu 650, el pasado lunes 28 de noviembre, se realiz\u00f3 el encuentro de cierre de la primera edici\u00f3n del programa \u201cSim lev\u00bb, una iniciativa de AMIA Joven y el Joint para promover entre la juventud proyectos de sustentabilidad en las organizaciones de la comunidad y poner en agenda la tem\u00e1tica. En esta instancia, doce j\u00f3venes l\u00edderes y referentes de instituciones de la comunidad jud\u00eda, quienes fueron seleccionados previamente por su compromiso social y comunitario, presentaron ante un jurado sus propuestas de sustentabilidad. El proyecto \u201cEDIC\u201d, de la dupla integrada por Lucila Salem y Fabio Zylberman, result\u00f3 ganador del programa \u201cSim lev\u201d y contar\u00e1n con el financiamiento para poder implementar su idea en la comunidad.<\/p>\n<p>La decisi\u00f3n se dio a conocer tras la deliberaci\u00f3n del jurado, que estuvo integrado por el director ejecutivo de AMIA, Daniel Pomerantz; el secretario de AMIA Joven, Javier Stolovitzky, y en representaci\u00f3n del Joint, el director regional JDC Latinoam\u00e9rica y El Caribe, Sergio Widder, y la consultora y profesional en temas de sustentabilidad, Debora Kullock. En esta etapa final tambi\u00e9n se presentaron los trabajos \u201cShutafim\u201d de J\u00e9ssica Naistat y Candela Sapoznik; \u201cGarinim shel kesef\u201d de Paula Migdalek y Federico Mauas; \u201cSCEC\u201d (\u201cSustentabilidad para el Crecimiento del Ecosistema Comunitario\u201d) de Ariel Hetcecopark y Alan Benlolo; \u201cLed Dor Vador\u201d de Iara Kapszuk y Pamela Tischelman y \u201cNisaion\u201d de Javier Faiwusziewuz y Sheila Idesis.<\/p>\n<p>Durante cuatro meses, los participantes del programa, atravesaron distintas etapas de capacitaci\u00f3n, reflexi\u00f3n y espacios de networking, en los cuales se interiorizaron sobre la sustentabilidad desde el punto de vista econ\u00f3mico, pol\u00edtico y social. Tambi\u00e9n contaron con diversos talleres en los que trabajaron sobre la comunidad jud\u00eda en la Argentina y el valor de la tzedak\u00e1 (ayudar al pr\u00f3jimo). Adem\u00e1s, previo a la evaluaci\u00f3n final, los j\u00f3venes compartieron un espacio de reflexi\u00f3n e intercambio junto a quienes desarrollan proyectos de filantrop\u00eda en la comunidad.<br \/>\n\u201cDesde AMIA, junto al Joint, creamos este programa para poner en la agenda el tema del liderazgo joven y vincularlo directamente con la sustentabilidad\u201d, expresaron desde la organizaci\u00f3n. \u201cFelicitamos a los ganadores y agradecemos al jurado y a los participantes por su compromiso con la comunidad, su responsabilidad y dedicaci\u00f3n con los proyectos que presentaron\u201d, agregaron.<\/p>\n","protected":false},"excerpt":{"rendered":"<p>En la sede de Uriburu 650, el pasado lunes 28 de noviembre, se realiz\u00f3 el encuentro de cierre de la primera edici\u00f3n del programa \u201cSim lev\u00bb, una iniciativa de AMIA Joven y el Joint para promover entre la juventud proyectos de sustentabilidad en las organizaciones de la comunidad y poner en agenda la tem\u00e1tica. En [&hellip;]<\/p>\n","protected":false},"author":2,"featured_media":41612,"comment_status":"open","ping_status":"open","sticky":false,"template":"","format":"standard","meta":{"_et_pb_use_builder":"","_et_pb_old_content":"","_et_gb_content_width":"","footnotes":""},"categories":[11,33],"tags":[],"class_list":["post-41611","post","type-post","status-publish","format-standard","has-post-thumbnail","hentry","category-ciudad","category-sociedad-y-cultura-2"],"_links":{"self":[{"href":"https:\/\/vocesdebaires.com.ar\/index.php\/wp-json\/wp\/v2\/posts\/41611"}],"collection":[{"href":"https:\/\/vocesdebaires.com.ar\/index.php\/wp-json\/wp\/v2\/posts"}],"about":[{"href":"https:\/\/vocesdebaires.com.ar\/index.php\/wp-json\/wp\/v2\/types\/post"}],"author":[{"embeddable":true,"href":"https:\/\/vocesdebaires.com.ar\/index.php\/wp-json\/wp\/v2\/users\/2"}],"replies":[{"embeddable":true,"href":"https:\/\/vocesdebaires.com.ar\/index.php\/wp-json\/wp\/v2\/comments?post=41611"}],"version-history":[{"count":1,"href":"https:\/\/vocesdebaires.com.ar\/index.php\/wp-json\/wp\/v2\/posts\/41611\/revisions"}],"predecessor-version":[{"id":41613,"href":"https:\/\/vocesdebaires.com.ar\/index.php\/wp-json\/wp\/v2\/posts\/41611\/revisions\/41613"}],"wp:featuredmedia":[{"embeddable":true,"href":"https:\/\/vocesdebaires.com.ar\/index.php\/wp-json\/wp\/v2\/media\/41612"}],"wp:attachment":[{"href":"https:\/\/vocesdebaires.com.ar\/index.php\/wp-json\/wp\/v2\/media?parent=41611"}],"wp:term":[{"taxonomy":"category","embeddable":true,"href":"https:\/\/vocesdebaires.com.ar\/index.php\/wp-json\/wp\/v2\/categories?post=41611"},{"taxonomy":"post_tag","embeddable":true,"href":"https:\/\/vocesdebaires.com.ar\/index.php\/wp-json\/wp\/v2\/tags?post=41611"}],"curies":[{"name":"wp","href":"https:\/\/api.w.org\/{rel}","templated":true}]}}