{"id":41614,"date":"2022-12-02T00:55:51","date_gmt":"2022-12-02T03:55:51","guid":{"rendered":"https:\/\/vocesdebaires.com.ar\/?p=41614"},"modified":"2022-12-02T00:55:51","modified_gmt":"2022-12-02T03:55:51","slug":"en-la-ciudadel-mate-protagonista-del-fin-de-semana-porteno","status":"publish","type":"post","link":"https:\/\/vocesdebaires.com.ar\/index.php\/2022\/12\/02\/en-la-ciudadel-mate-protagonista-del-fin-de-semana-porteno\/","title":{"rendered":"En la ciudad:El mate, protagonista del fin de semana porte\u00f1o"},"content":{"rendered":"<p>Este fin de semana una de las infusiones favoritas de los argentinos recibir\u00e1 un merecido homenaje cuando la Feria Matear se instale en el predio de La Rural con la m\u00e1s amplia oferta de mates, bombillas, termos, termeras y kits para mate. Adem\u00e1s, las ferias, patios y mercados porte\u00f1os ofrecen un variado men\u00fa gastron\u00f3mico para los vecinos y visitantes de la Ciudad. Todos los eventos forman parte de la agenda que cada semana elabora BA Capital Gastron\u00f3mica. A partir de hoy viernes 2 y hasta el domingo 4 de diciembre los materos estar\u00e1n de parabienes, ya que en el Pabell\u00f3n Azul de la Rural de Palermo arranca la Feria MATEAR 2022, con unos 100 expositores que pondr\u00e1n a disposici\u00f3n de los visitantes una amplia variedad de marcas y todos los elementos para disfrutar de un buen mate.<\/p>\n<p>La feria es organizada por el Instituto Nacional de la Yerba Mate (INYM) y, al igual que en las ediciones anteriores, el p\u00fablico tendr\u00e1 acceso libre y gratuito. Abrir\u00e1 sus puertas de 12 a 20, tiempo m\u00e1s que suficiente para que los visitantes puedan elegir su yerba preferida, conocer nuevas marcas y recorrer los stands donde se ofrecer\u00e1n los accesorios que componen un buen kit matero: mates, bombillas, termos, termeras y mucho m\u00e1s.<\/p>\n<p>Adem\u00e1s de las marcas tradicionales, este a\u00f1o la feria contar\u00e1 con la participaci\u00f3n de emprendedores y peque\u00f1as cooperativas que elaboran yerba mate org\u00e1nica y agroecol\u00f3gica, orientadas a cubrir la demanda de un segmento de consumidores en constante crecimiento. Habr\u00e1 espacios para chicos, charlas, talleres y m\u00e1s. D\u00edas: viernes 2, s\u00e1bado 3 y domingo 4 de diciembre. Horario: de 12 a 20. Direcci\u00f3n: La Rural, Pabell\u00f3n Azul (avenida Sarmiento 2704). M\u00e1s informaci\u00f3n: https:\/\/www.instagram.com\/feriamatear\/<\/p>\n<p>Punto de encuentro directo entre productores y consumidores conscientes donde se propone una alternativa de vida m\u00e1s en consonancia con la naturaleza y las personas. En sus puestos se pueden encontrar frutas y verduras agroecol\u00f3gicas, huevos de campo, panificados integrales y de masa madre, quesos artesanales, cereales, dulces y conservas sin conservantes, miel, jugos, aceites, alimentos apto celiacos, chocolates, yerbas, tes, hierbas, comida viva, sushi vegetariano, comida macrobi\u00f3tica, hind\u00fa y mediterr\u00e1nea entre otros. Adem\u00e1s, hay puestos de dise\u00f1o sustentable y amigable con el medio ambiente, cosm\u00e9tica natural, salud y bienestar.<\/p>\n<p><strong>Todos los mercados son al aire libre, motivo por el cual el clima puede ocasionar su suspensi\u00f3n.<\/strong><br \/>\n<strong>Viernes 2 de diciembre.<\/strong><br \/>\nCaballito Horario: de 15 a 21.<br \/>\nDirecci\u00f3n: Parque Rivadavia (avenida Rivadavia 4900).<\/p>\n<p><strong>S\u00e1bado 3 de diciembre.<\/strong><br \/>\nParque Chacabuco Horario: de 17 a 23.<br \/>\nDirecci\u00f3n: Parque Chacabuco (Emilio Mitre y avenida Asamblea. Barracas<br \/>\nHorario: de 16 a 22.<br \/>\nDirecci\u00f3n: Plaza Colombia (avenida Montes de Oca y Pinz\u00f3n).<\/p>\n<p><strong>Domingo 4 de diciembre. Saavedra Horario: de 8 a 14.<\/strong><br \/>\nDirecci\u00f3n: Parque Saavedra (Garc\u00eda del R\u00edo 3300).<br \/>\nCaballito<br \/>\nHorario: de 8 a 14.<br \/>\nDirecci\u00f3n: Plaza Irlanda (Neuqu\u00e9n y Segu\u00ed).<br \/>\nPalermo Horario: de 13 a 19.<br \/>\nDirecci\u00f3n: Parque Las Heras (avenida Coronel D\u00edaz y French).<\/p>\n<p><strong>M\u00e1s informaci\u00f3n: https:\/\/www.instagram.com\/sabelatierraok\/?hl=es-la<\/strong><br \/>\n<strong>Buenos Aires Market<\/strong><br \/>\nArrancan las ediciones nocturnas. Este viernes 2 y s\u00e1bado 3, entre las 17 y las 24, los vecinos y visitantes ser\u00e1n bienvenidos en plaza Arist\u00f3bulo del Valle. Ideal para cenar en el patio gastron\u00f3mico y hacer las compras en el mercado de productores. Hay m\u00e1s de 45 puestos.<br \/>\nSe suspende por mal clima.<br \/>\nHorario: de 17 a 24.<br \/>\nDirecci\u00f3n: Plaza Arist\u00f3bulo del Valle (Cuenca, entre Baigorria y Marcos Sastre).<br \/>\nM\u00e1s informaci\u00f3n: https:\/\/www.instagram.com\/bsasmarket\/<\/p>\n","protected":false},"excerpt":{"rendered":"<p>Este fin de semana una de las infusiones favoritas de los argentinos recibir\u00e1 un merecido homenaje cuando la Feria Matear se instale en el predio de La Rural con la m\u00e1s amplia oferta de mates, bombillas, termos, termeras y kits para mate. Adem\u00e1s, las ferias, patios y mercados porte\u00f1os ofrecen un variado men\u00fa gastron\u00f3mico para [&hellip;]<\/p>\n","protected":false},"author":2,"featured_media":41615,"comment_status":"open","ping_status":"open","sticky":false,"template":"","format":"standard","meta":{"_et_pb_use_builder":"","_et_pb_old_content":"","_et_gb_content_width":"","footnotes":""},"categories":[11,33],"tags":[],"class_list":["post-41614","post","type-post","status-publish","format-standard","has-post-thumbnail","hentry","category-ciudad","category-sociedad-y-cultura-2"],"_links":{"self":[{"href":"https:\/\/vocesdebaires.com.ar\/index.php\/wp-json\/wp\/v2\/posts\/41614"}],"collection":[{"href":"https:\/\/vocesdebaires.com.ar\/index.php\/wp-json\/wp\/v2\/posts"}],"about":[{"href":"https:\/\/vocesdebaires.com.ar\/index.php\/wp-json\/wp\/v2\/types\/post"}],"author":[{"embeddable":true,"href":"https:\/\/vocesdebaires.com.ar\/index.php\/wp-json\/wp\/v2\/users\/2"}],"replies":[{"embeddable":true,"href":"https:\/\/vocesdebaires.com.ar\/index.php\/wp-json\/wp\/v2\/comments?post=41614"}],"version-history":[{"count":1,"href":"https:\/\/vocesdebaires.com.ar\/index.php\/wp-json\/wp\/v2\/posts\/41614\/revisions"}],"predecessor-version":[{"id":41616,"href":"https:\/\/vocesdebaires.com.ar\/index.php\/wp-json\/wp\/v2\/posts\/41614\/revisions\/41616"}],"wp:featuredmedia":[{"embeddable":true,"href":"https:\/\/vocesdebaires.com.ar\/index.php\/wp-json\/wp\/v2\/media\/41615"}],"wp:attachment":[{"href":"https:\/\/vocesdebaires.com.ar\/index.php\/wp-json\/wp\/v2\/media?parent=41614"}],"wp:term":[{"taxonomy":"category","embeddable":true,"href":"https:\/\/vocesdebaires.com.ar\/index.php\/wp-json\/wp\/v2\/categories?post=41614"},{"taxonomy":"post_tag","embeddable":true,"href":"https:\/\/vocesdebaires.com.ar\/index.php\/wp-json\/wp\/v2\/tags?post=41614"}],"curies":[{"name":"wp","href":"https:\/\/api.w.org\/{rel}","templated":true}]}}