{"id":41617,"date":"2022-12-02T01:01:29","date_gmt":"2022-12-02T04:01:29","guid":{"rendered":"https:\/\/vocesdebaires.com.ar\/?p=41617"},"modified":"2022-12-02T01:01:29","modified_gmt":"2022-12-02T04:01:29","slug":"fundaciones-de-juntos-por-el-cambio-sobre-industria-minera","status":"publish","type":"post","link":"https:\/\/vocesdebaires.com.ar\/index.php\/2022\/12\/02\/fundaciones-de-juntos-por-el-cambio-sobre-industria-minera\/","title":{"rendered":"Fundaciones de Juntos por el Cambio sobre industria minera"},"content":{"rendered":"<p>El pasado mi\u00e9rcoles 30 de noviembre en la sede del Instituto Hannah Arendt, las fundaciones y equipos t\u00e9cnicos que componen Juntos por el Cambio realizaron un encuentro sobre la industria minera a fin de cerrar el trabajo del a\u00f1o presentando los consensos b\u00e1sicos para un programa sectorial. Como referentes de miner\u00eda de las Fundaciones presentaron la visi\u00f3n compartida: Miguel Soler (Fundaci\u00f3n Alem &#8211; UCR), Santiago J. Dondo (Fundaci\u00f3n Pensar &#8211; PRO), Rub\u00e9n Manzi (Instituto Hannah Arendt\u00a0 \u00a0Coalici\u00f3n C\u00edvica) y Ranulfo Eduardo Baz\u00e1n (Fundaci\u00f3n Encuentro Federal \u2013 Peronismo Republicano).<\/p>\n<p>Entre las autoridades o coordinadores de equipos t\u00e9cnicos que trabajan en planes de gobierno participaron: por el radicalismo, Agust\u00edn Campero (Presidente Fundaci\u00f3n Alem) e Ignacio Bruera; por el PRO, Juan Pablo Martignone (Director Ejecutivo Fundaci\u00f3n Pensar), Alberto Fohrig (Coordinador equipos de gobierno de Patricia Bullrich), y Francisco Quintana (Secretario Fundaci\u00f3n Pensar); por la Coalici\u00f3n C\u00edvica, Fernando S\u00e1nchez (Presidente del Instituto Hannah Arendt); y por el Peronismo Republicano, Juan Carlos S\u00e1nchez Arnau (Coordinador General y de Econom\u00eda, en Fundaci\u00f3n Encuentro Federal).<\/p>\n<p>Adem\u00e1s, participaron del encuentro Diputados y Senadores Nacionales de Juntos por el Cambio, que integran las comisiones de miner\u00eda de ambas c\u00e1maras, y otros miembros de los equipos t\u00e9cnicos de las fundaciones. Como primer posicionamiento com\u00fan, los equipos reunidos resaltaron: \u201cArgentina, como todos los pa\u00edses, debe aprovechar sus recursos naturales. Nuestra Constituci\u00f3n nos obliga a promover un desarrollo regional m\u00e1s arm\u00f3nico y a atender las necesidades presentes, sin comprometer a las generaciones futuras (arts. 75 y 41). La industria minera, presente en las 23 provincias, ofrece una respuesta concreta a estos dos desaf\u00edos\u201d.<\/p>\n<p>Otra coincidencia inicial para cualquier gobierno pr\u00f3ximo: desarrollar a pleno nuestro potencial minero no ser\u00e1 posible sin una fuerte voluntad pol\u00edtica de di\u00e1logo para construir consensos y luego ejecutar una verdadera pol\u00edtica minera de priorizaci\u00f3n del sector. Al mismo tiempo, reafirmaron el federalismo y el dominio originario provincial de los recursos minerales. Aunque la crisis actual hace que se mire al sector desde una perspectiva macroecon\u00f3mica, los presentes coincidieron en resaltar a la miner\u00eda no s\u00f3lo por su potencial para aportar divisas y contribuir al equilibrio de la balanza comercial de Argentina, sino principalmente por el desarrollo social y de PYMES en cada una de las provincias y regiones donde la actividad minera existe y puede crecer.<\/p>\n<p>La industria tiene adem\u00e1s un rol clave para que otras actividades productivas crezcan y se afiancen en nuestro pa\u00eds (por ejemplo: obra p\u00fablica, agricultura, cer\u00e1micas, entre muchas). Tambi\u00e9n se hizo referencia a la creciente demanda mundial de minerales cr\u00edticos para la transici\u00f3n energ\u00e9tica\u00a0 electromovilidad, energ\u00edas verdes- necesaria para el cuidado del planeta. Esto presenta a la Argentina una oportunidad renovada, no s\u00f3lo para desarrollar miner\u00eda de cobre o litio, y toda su cadena de valor asociada, sino tambi\u00e9n para explorar y expandir el potencial hacia muchos otros minerales que el mundo necesita y nuestro pa\u00eds posee.<\/p>\n<p>Para que esta oportunidad beneficie realmente a las provincias y a sus comunidades acordaron los presentes- hace falta generar condiciones virtuosas. Es imperativo que Naci\u00f3n y Provincias, a trav\u00e9s del Consejo Federal de Miner\u00eda, profundicen esfuerzos coordinados para fortalecer las instituciones y con ello asegurar: una miner\u00eda ambientalmente responsable y sostenible, y un impacto social positivo en las comunidades. Esto debe acompa\u00f1arse de mayor transparencia, sin la cual no habr\u00e1 confianza de la ciudadan\u00eda ni podremos atraer m\u00e1s y nuevas inversiones para la prospecci\u00f3n, exploraci\u00f3n y arranque de nuevos emprendimientos.<\/p>\n<p>Por \u00faltimo, hubo total coincidencia en que \u201cel gran impulsor del desarrollo minero es la inversi\u00f3n privada\u201d, que necesita una macroeconom\u00eda ordenada. Adem\u00e1s, se destac\u00f3 que la confianza para invertir no se lograr\u00e1 sin cumplimiento de la ley y respeto de la estabilidad. Cerrando el encuentro, todas las fundaciones y equipos celebraron el trabajo conjunto que permiti\u00f3 llegar a esta visi\u00f3n compartida, y renovaron el compromiso de seguir trabajando juntos en un plan de gobierno sobre miner\u00eda, completo y detallado, que estar\u00e1 a disposici\u00f3n de quien gobierne la Argentina a partir del 2023.<\/p>\n","protected":false},"excerpt":{"rendered":"<p>El pasado mi\u00e9rcoles 30 de noviembre en la sede del Instituto Hannah Arendt, las fundaciones y equipos t\u00e9cnicos que componen Juntos por el Cambio realizaron un encuentro sobre la industria minera a fin de cerrar el trabajo del a\u00f1o presentando los consensos b\u00e1sicos para un programa sectorial. Como referentes de miner\u00eda de las Fundaciones presentaron [&hellip;]<\/p>\n","protected":false},"author":2,"featured_media":41618,"comment_status":"open","ping_status":"open","sticky":false,"template":"","format":"standard","meta":{"_et_pb_use_builder":"","_et_pb_old_content":"","_et_gb_content_width":"","footnotes":""},"categories":[11,33],"tags":[],"class_list":["post-41617","post","type-post","status-publish","format-standard","has-post-thumbnail","hentry","category-ciudad","category-sociedad-y-cultura-2"],"_links":{"self":[{"href":"https:\/\/vocesdebaires.com.ar\/index.php\/wp-json\/wp\/v2\/posts\/41617"}],"collection":[{"href":"https:\/\/vocesdebaires.com.ar\/index.php\/wp-json\/wp\/v2\/posts"}],"about":[{"href":"https:\/\/vocesdebaires.com.ar\/index.php\/wp-json\/wp\/v2\/types\/post"}],"author":[{"embeddable":true,"href":"https:\/\/vocesdebaires.com.ar\/index.php\/wp-json\/wp\/v2\/users\/2"}],"replies":[{"embeddable":true,"href":"https:\/\/vocesdebaires.com.ar\/index.php\/wp-json\/wp\/v2\/comments?post=41617"}],"version-history":[{"count":1,"href":"https:\/\/vocesdebaires.com.ar\/index.php\/wp-json\/wp\/v2\/posts\/41617\/revisions"}],"predecessor-version":[{"id":41619,"href":"https:\/\/vocesdebaires.com.ar\/index.php\/wp-json\/wp\/v2\/posts\/41617\/revisions\/41619"}],"wp:featuredmedia":[{"embeddable":true,"href":"https:\/\/vocesdebaires.com.ar\/index.php\/wp-json\/wp\/v2\/media\/41618"}],"wp:attachment":[{"href":"https:\/\/vocesdebaires.com.ar\/index.php\/wp-json\/wp\/v2\/media?parent=41617"}],"wp:term":[{"taxonomy":"category","embeddable":true,"href":"https:\/\/vocesdebaires.com.ar\/index.php\/wp-json\/wp\/v2\/categories?post=41617"},{"taxonomy":"post_tag","embeddable":true,"href":"https:\/\/vocesdebaires.com.ar\/index.php\/wp-json\/wp\/v2\/tags?post=41617"}],"curies":[{"name":"wp","href":"https:\/\/api.w.org\/{rel}","templated":true}]}}