{"id":41620,"date":"2022-12-02T01:04:43","date_gmt":"2022-12-02T04:04:43","guid":{"rendered":"https:\/\/vocesdebaires.com.ar\/?p=41620"},"modified":"2022-12-02T01:06:20","modified_gmt":"2022-12-02T04:06:20","slug":"en-la-ciudadla-sra-leonor-benedetto-es-nueva-personalidad-destacada","status":"publish","type":"post","link":"https:\/\/vocesdebaires.com.ar\/index.php\/2022\/12\/02\/en-la-ciudadla-sra-leonor-benedetto-es-nueva-personalidad-destacada\/","title":{"rendered":"En la ciudad:La Sra.: Leonor Benedetto es nueva personalidad destacada"},"content":{"rendered":"<p>Ayer por la tarde, el Cuerpo Legislativo distingui\u00f3 a la actriz Leonor Benedetto como Personalidad Destacada en el \u00e1mbito de la Cultura. El acto se llev\u00f3 a cabo en el Sal\u00f3n Dorado y cont\u00f3 con la presencia del legislador y autor del proyecto, Roy Cortina (PS), el empresario y productor Carlos Rottemberg y la homanejada. En el inicio del acto, el legislador porte\u00f1o Roy Cortina calific\u00f3 a Benedetto como una \u201cartista popular\u201d, \u201cun s\u00edmbolo y una fuente de inspiraci\u00f3n para much\u00edsimas mujer\u201d. Luego rememor\u00f3 gran parte de su carrera, como sus papeles en Padre Coraje, Los ricos no piden permiso y Rosa\u2026 de lejos, novela en la que resalt\u00f3 el impacto que gener\u00f3 su personaje \u201cen el p\u00fablico femenino, especialmente en pa\u00edses de Latinoam\u00e9rica\u201d. \u201cLeonor es un s\u00edmbolo y una fuente de inspiraci\u00f3n para much\u00edsimas mujeres\u201d, concluy\u00f3 el legislador.<\/p>\n<p>Por su parte, Benedetto record\u00f3 a su madre y agradeci\u00f3 a la Legislatura por la declaraci\u00f3n. \u201cNo estoy muy segura de que el merecimiento es algo que aparece o que cae, el merecimiento viene de antes. Si algo o alguien merece es porque antes hizo otra cosa. El merecimiento es una cosa completamente din\u00e1mica\u201d, sentenci\u00f3 la actriz. Por \u00faltimo, Rottemberg record\u00f3 su primer trabajo junto a ella, cuando hicieron su primera temporada hace 40 a\u00f1os en el Teatro Corrientes. \u201cLeonor tiene una gran virtud y es que tiene la modernidad y la inquietud de la b\u00fasqueda, pero la escuela de antes\u201d, agreg\u00f3 el productor. Y finalmente agradeci\u00f3 la invitaci\u00f3n.<\/p>\n<p>Leonor Benedetto es una actriz que es recordada por su papel de Rosa en Rosa\u2026 de lejos (1980), tira que fue emitida en muchos pa\u00edses de Am\u00e9rica Latina, Estados Unidos e Italia. Otro papel muy recordado es el de Amanda Jauregui en la exitosa tira Padre Coraje (2004), protagonizada por Facundo Arana y Nancy Dupl\u00e1a, entre muchos otros. Adem\u00e1s de la actuaci\u00f3n, tambi\u00e9n incursion\u00f3 en otras disciplinas como el canto donde grab\u00f3 un disco, la conducci\u00f3n de televisi\u00f3n, donde estuvo al frente de Querida Leonor y Juego de opuestos. Y la direcci\u00f3n cinematogr\u00e1fica con El buen destino, donde tambi\u00e9n se destac\u00f3 como guionista.<\/p>\n","protected":false},"excerpt":{"rendered":"<p>Ayer por la tarde, el Cuerpo Legislativo distingui\u00f3 a la actriz Leonor Benedetto como Personalidad Destacada en el \u00e1mbito de la Cultura. El acto se llev\u00f3 a cabo en el Sal\u00f3n Dorado y cont\u00f3 con la presencia del legislador y autor del proyecto, Roy Cortina (PS), el empresario y productor Carlos Rottemberg y la homanejada. [&hellip;]<\/p>\n","protected":false},"author":2,"featured_media":41621,"comment_status":"open","ping_status":"open","sticky":false,"template":"","format":"standard","meta":{"_et_pb_use_builder":"","_et_pb_old_content":"","_et_gb_content_width":"","footnotes":""},"categories":[11,33],"tags":[],"class_list":["post-41620","post","type-post","status-publish","format-standard","has-post-thumbnail","hentry","category-ciudad","category-sociedad-y-cultura-2"],"_links":{"self":[{"href":"https:\/\/vocesdebaires.com.ar\/index.php\/wp-json\/wp\/v2\/posts\/41620"}],"collection":[{"href":"https:\/\/vocesdebaires.com.ar\/index.php\/wp-json\/wp\/v2\/posts"}],"about":[{"href":"https:\/\/vocesdebaires.com.ar\/index.php\/wp-json\/wp\/v2\/types\/post"}],"author":[{"embeddable":true,"href":"https:\/\/vocesdebaires.com.ar\/index.php\/wp-json\/wp\/v2\/users\/2"}],"replies":[{"embeddable":true,"href":"https:\/\/vocesdebaires.com.ar\/index.php\/wp-json\/wp\/v2\/comments?post=41620"}],"version-history":[{"count":2,"href":"https:\/\/vocesdebaires.com.ar\/index.php\/wp-json\/wp\/v2\/posts\/41620\/revisions"}],"predecessor-version":[{"id":41623,"href":"https:\/\/vocesdebaires.com.ar\/index.php\/wp-json\/wp\/v2\/posts\/41620\/revisions\/41623"}],"wp:featuredmedia":[{"embeddable":true,"href":"https:\/\/vocesdebaires.com.ar\/index.php\/wp-json\/wp\/v2\/media\/41621"}],"wp:attachment":[{"href":"https:\/\/vocesdebaires.com.ar\/index.php\/wp-json\/wp\/v2\/media?parent=41620"}],"wp:term":[{"taxonomy":"category","embeddable":true,"href":"https:\/\/vocesdebaires.com.ar\/index.php\/wp-json\/wp\/v2\/categories?post=41620"},{"taxonomy":"post_tag","embeddable":true,"href":"https:\/\/vocesdebaires.com.ar\/index.php\/wp-json\/wp\/v2\/tags?post=41620"}],"curies":[{"name":"wp","href":"https:\/\/api.w.org\/{rel}","templated":true}]}}