{"id":41624,"date":"2022-12-02T01:14:44","date_gmt":"2022-12-02T04:14:44","guid":{"rendered":"https:\/\/vocesdebaires.com.ar\/?p=41624"},"modified":"2022-12-02T01:14:44","modified_gmt":"2022-12-02T04:14:44","slug":"nuevo-informe-del-ministro-felipe-miguel-ante-la-legislatura","status":"publish","type":"post","link":"https:\/\/vocesdebaires.com.ar\/index.php\/2022\/12\/02\/nuevo-informe-del-ministro-felipe-miguel-ante-la-legislatura\/","title":{"rendered":"Nuevo informe del ministro Felipe Miguel ante la legislatura"},"content":{"rendered":"<p>\u201cNosotros queremos que la gente no dependa del Estado. Queremos ciudadanos libres, cr\u00edticos y con igualdad de oportunidades\u201d, sostuvo el jefe de Gabinete de la Ciudad de Buenos Aires, Felipe Miguel, al exponer ayer jueves un amplio informe de la gesti\u00f3n gubernamental ante la Legislatura metropolitana.El ministro del gobierno de Horacio Rodr\u00edguez Larreta detall\u00f3 la situaci\u00f3n en cada \u00e1rea de la administraci\u00f3n central pero hizo hincapi\u00e9 en la pol\u00edtica de educaci\u00f3n y en los avances logrados en materia de seguridad, para remarcar diferencias con la administraci\u00f3n nacional.<\/p>\n<p>Tras su exposici\u00f3n, Miguel respondi\u00f3 preguntas de los diputados porte\u00f1os y escuch\u00f3 sus posturas o propuestas. La de hoy fue la 14\u00b0 oportunidad en que Miguel se present\u00f3 formalmente ante el pleno de los legisladores para informar sobre la marcha de los asuntos del plan general de Gobierno y la segunda ocasi\u00f3n en este a\u00f1o, como lo estipula una ley local. La sesi\u00f3n especial se inici\u00f3 pasadas las 9:30 y dur\u00f3 aproximadamente tres horas y media, presidida por Emmanuel Ferrario, legislador de Vamos Juntos y vicepresidente primero del cuerpo parlamentario. El Jefe del Gabinete de Ministros respondi\u00f3 verbalmente y por escrito las innumerables demandas legislativas que ya hab\u00edan sido anticipadas o fueron presentadas durante la sesi\u00f3n.<\/p>\n<p>\u201cAlgunos dicen que le sacamos al kirchnerismo la bandera de la educaci\u00f3n p\u00fablica. No es as\u00ed. La realidad es que nunca la tuvieron. Y nunca la tuvieron porque no les interesa. Es otra de las mentiras del relato kirchnerista que, en este caso, la pandemia se ocup\u00f3 de desmentir\u201d, asever\u00f3 el funcionario. \u201cMientras el kirchnerismo se ha resistido sistem\u00e1ticamente a evaluar -continu\u00f3-, nosotros medimos los conocimientos de los estudiantes.<\/p>\n<p>No lo hacemos para estigmatizar, al contrario. Lo hacemos para identificar los problemas y ayudarlos. Porque estigmatizarlos, o peor a\u00fan, condicionarlos, ser\u00eda privarlos de una educaci\u00f3n de calidad que les permita conseguir un trabajo y progresar en sus vidas\u201d. Critic\u00f3 que \u201cal kirchnerismo no le importa que los chicos pasen de a\u00f1o por decreto o salgan de la secundaria sin los conocimientos necesarios\u201d porque \u201cles conviene que la gente los necesite y los ciudadanos se conviertan en rehenes de los planes y del Estado. Queremos ciudadanos libres, cr\u00edticos y con igualdad de oportunidades\u201d, enfatiz\u00f3 Felipe Miguel.<\/p>\n<p>En materia de seguridad, asegur\u00f3 que la CABA cuenta con la tasa de delitos m\u00e1s baja de la historia, como \u201cconsecuencia de una decisi\u00f3n pol\u00edtica de Rodr\u00edguez Larreta llevada adelante con firmeza y con un plan\u201d. \u201c\u00bfTendr\u00edamos estos mismos resultados si crey\u00e9ramos que los delincuentes son v\u00edctimas, si pens\u00e1ramos que la inseguridad es una sensaci\u00f3n, si entendi\u00e9ramos que las taser son picanas y no un elemento para disuadir a los delincuentes o si crey\u00e9ramos que los barras no son violentos sino parte de la fiesta popular? \u00bfQu\u00e9 Ciudad tendr\u00edamos si nos gobernara la gente que milita estas ideas?\u201d, se pregunt\u00f3 el jefe de Gabinete en su discurso.<\/p>\n<p><strong>Un p\u00e1rrafo de su alocuci\u00f3n que resumi\u00f3 de forma cotidiana la propuesta a futuro fue el siguiente:<\/strong><br \/>\n\u201cNuestra visi\u00f3n es que para 2030 los barrios vulnerables sean barrios formales, que los estudiantes terminen la escuela con formaci\u00f3n biling\u00fce, que e pueda pueda llegar en bicicleta hasta la Provincia por la costa, que haya plazas sobre la General Paz. Que los turnos de salud se obtengan por plataformas digitales, que haya una intra red para que los m\u00e9dicos hagan derivaciones. Que el transporte p\u00fablico sea el\u00e9ctrico y los subtes auto comandados, sin conductores. Y continuar la baja sostenida de delitos, ah\u00ed no podemos aflojar\u201d.<\/p>\n<p>Despu\u00e9s de repasar resultados y proyecciones de cada \u00e1rea del Poder Ejecutivo, el coordinador de los ministros de la Ciudad cerr\u00f3 su discurso con una expresi\u00f3n de deseos: \u201cOjal\u00e1 el a\u00f1o pr\u00f3ximo, eleccionario y como tal fren\u00e9tico, nos encuentre alejados de las disputas personales, que poco tienen que ver con las realidades de los argentinos, y nos acerque a una discusi\u00f3n de ideas sobre el modelo de Ciudad y de pa\u00eds que queremos para nosotros, para nuestros hijos y nuestros nietos\u201d.<\/p>\n","protected":false},"excerpt":{"rendered":"<p>\u201cNosotros queremos que la gente no dependa del Estado. Queremos ciudadanos libres, cr\u00edticos y con igualdad de oportunidades\u201d, sostuvo el jefe de Gabinete de la Ciudad de Buenos Aires, Felipe Miguel, al exponer ayer jueves un amplio informe de la gesti\u00f3n gubernamental ante la Legislatura metropolitana.El ministro del gobierno de Horacio Rodr\u00edguez Larreta detall\u00f3 la [&hellip;]<\/p>\n","protected":false},"author":2,"featured_media":41625,"comment_status":"open","ping_status":"open","sticky":false,"template":"","format":"standard","meta":{"_et_pb_use_builder":"","_et_pb_old_content":"","_et_gb_content_width":"","footnotes":""},"categories":[11,33],"tags":[],"class_list":["post-41624","post","type-post","status-publish","format-standard","has-post-thumbnail","hentry","category-ciudad","category-sociedad-y-cultura-2"],"_links":{"self":[{"href":"https:\/\/vocesdebaires.com.ar\/index.php\/wp-json\/wp\/v2\/posts\/41624"}],"collection":[{"href":"https:\/\/vocesdebaires.com.ar\/index.php\/wp-json\/wp\/v2\/posts"}],"about":[{"href":"https:\/\/vocesdebaires.com.ar\/index.php\/wp-json\/wp\/v2\/types\/post"}],"author":[{"embeddable":true,"href":"https:\/\/vocesdebaires.com.ar\/index.php\/wp-json\/wp\/v2\/users\/2"}],"replies":[{"embeddable":true,"href":"https:\/\/vocesdebaires.com.ar\/index.php\/wp-json\/wp\/v2\/comments?post=41624"}],"version-history":[{"count":1,"href":"https:\/\/vocesdebaires.com.ar\/index.php\/wp-json\/wp\/v2\/posts\/41624\/revisions"}],"predecessor-version":[{"id":41626,"href":"https:\/\/vocesdebaires.com.ar\/index.php\/wp-json\/wp\/v2\/posts\/41624\/revisions\/41626"}],"wp:featuredmedia":[{"embeddable":true,"href":"https:\/\/vocesdebaires.com.ar\/index.php\/wp-json\/wp\/v2\/media\/41625"}],"wp:attachment":[{"href":"https:\/\/vocesdebaires.com.ar\/index.php\/wp-json\/wp\/v2\/media?parent=41624"}],"wp:term":[{"taxonomy":"category","embeddable":true,"href":"https:\/\/vocesdebaires.com.ar\/index.php\/wp-json\/wp\/v2\/categories?post=41624"},{"taxonomy":"post_tag","embeddable":true,"href":"https:\/\/vocesdebaires.com.ar\/index.php\/wp-json\/wp\/v2\/tags?post=41624"}],"curies":[{"name":"wp","href":"https:\/\/api.w.org\/{rel}","templated":true}]}}